{"id":488850,"date":"2020-12-04T00:08:08","date_gmt":"2020-12-04T06:08:08","guid":{"rendered":"https:\/\/www.diarioimagen.net\/?p=488850"},"modified":"2020-12-04T03:28:24","modified_gmt":"2020-12-04T09:28:24","slug":"dicen-defender-a-los-indigenas-pero-se-les-olvido-tomarles-su-opinion","status":"publish","type":"post","link":"https:\/\/www.diarioimagen.net\/?p=488850","title":{"rendered":"Dicen defender a los ind\u00edgenas, pero se les olvid\u00f3 tomarles su opini\u00f3n"},"content":{"rendered":"<h2>Clase Pol\u00edtica<\/h2>\n<h5>Miguel \u00c1ngel Rivera<\/h5>\n<p>&nbsp;<\/p>\n<p>En M\u00e9xico, pero en particular en Chiapas, no hay organizaci\u00f3n ni pol\u00edtico en lo individual que no se diga preocupado u ocupado en atender las necesidades de los pueblos originarios. Sin embargo, en la pr\u00e1ctica, muchas de esas buenas intenciones se traducen en acciones que resultan negativas para los ind\u00edgenas.<\/p>\n<p>El m\u00e1s reciente intento de supuestamente ampliar la protecci\u00f3n de los derechos de los pueblos nativos se dio con reformas a leyes Electoral de Instituciones y Procedimientos Electorales, de Participaci\u00f3n Ciudadana y de Desarrollo Constitucional en Materia de Gobierno y Administraci\u00f3n Municipal que, entre otras cosas, ampliaban las funciones y defin\u00edan el m\u00e9todo de elecci\u00f3n de los integrantes de las Asambleas Generales Comunitarias (AGC), de los \u00f3rganos de representaci\u00f3n ind\u00edgena ante los ayuntamientos y Congreso local.<\/p>\n<p>Estas reformas fueron promovidas por los diputados de Morena y sus aliados del PT y del PVEM, con el argumento ahora generalizado de cambios necesarios como parte de la llamada Cuarta Transformaci\u00f3n, pero con esos aparentemente buenos prop\u00f3sitos, la Suprema Corte de Justicia invalid\u00f3 los cambios, entre otras razones, porque a pesar de que supuestamente se pretend\u00eda proteger intereses de las comunidades ind\u00edgenas, nunca se les consult\u00f3.<\/p>\n<p>Adem\u00e1s, para no dejar en la indefinici\u00f3n jur\u00eddica al pr\u00f3ximo proceso electoral local, el m\u00e1ximo tribunal del pa\u00eds orden\u00f3 que se mantengan vigentes las normas anteriores, con la indicaci\u00f3n de que, a mas tardar en 2022, se convoque a una consulta ind\u00edgena sobre las reformas propuesta para las referidas Asambleas Generales Comunitarias (AGC).<\/p>\n<p>Pero el caso de Chiapas no es el \u00fanico. En su sesi\u00f3n de ayer, jueves, la SCJN tambi\u00e9n confirm\u00f3 su decisi\u00f3n de invalidar reformas electorales en otro estado gobernado por Morena, Veracruz.<\/p>\n<p>En este caso, las modificaciones legales declaradas inv\u00e1lidas fueron promulgadas en junio y julio pasados. Como en el caso de Chiapas, los ministros de la Suprema Corte, determinaron que esos cambios no fueron consultados entre las comunidades ind\u00edgenas.<\/p>\n<p>Como en el caso de Chiapas, los integrantes del m\u00e1ximo tribunal dispusieron que las pr\u00f3ximas elecciones locales se efect\u00faen con base en las leyes anteriores a las normas ahora invalidadas y que se convoque a una consulta ind\u00edgena que permita a este sector de la poblaci\u00f3n dar su opini\u00f3n libre e informada sobre los cambios legales que afectar\u00edan sus m\u00e9todos tradicionales para elegir a sus representantes.<\/p>\n<p>En su momento, al defender la propuesta de reformas, en Chiapas, la diputada de Morena, Patricia Mass Lazos sostuvo que, con esos cambios, se daba paso a la armonizaci\u00f3n de las normas locales con las disposiciones federales en materia electoral. Asimismo, neg\u00f3 que las reformas significaran retroceso alguno, ni en cuanto a los derechos de las mujeres y en lo relativo a la autodeterminaci\u00f3n de los pueblos ind\u00edgenas.<\/p>\n<p>Su aliada del PT, la diputada Eduwiges Cab\u00e1\u00f1ez Cruz, argument\u00f3 que la iniciativa fortalece los derechos pol\u00edticos de la ciudadan\u00eda, as\u00ed como los temas de paridad de g\u00e9nero, la autodeterminaci\u00f3n, organizaci\u00f3n, prerrogativas, sanciones, y obligaciones a los partidos pol\u00edticos<\/p>\n<p>Por el contrario, el diputado del PRI, Mario S\u00e1ntiz G\u00f3mez, al justificar su voto en contra, se\u00f1al\u00f3 que las reformas no permiten la participaci\u00f3n de los pueblos y comunidades ind\u00edgenas sobre temas que se relacionan directamente con la elecci\u00f3n de sus autoridades y su vida interna.<\/p>\n<p>Tambi\u00e9n del PRI, Aida Guadalupe Jim\u00e9nez Sesma expuso la necesidad de un mayor an\u00e1lisis sobre la iniciativa electoral, por lo que propuso regresar la minuta a la comisi\u00f3n para someterlo a consulta entre todos los sectores y as\u00ed llegar a un consenso.<\/p>\n<p>A final de cuentas se impuso la mayor\u00eda de \u201cmorenos y asociados\u201d, pero esto no influy\u00f3 en los ministros de la Suprema Corte de Justicia que decidieron dejar sin efecto las reformas.<\/p>\n<p style=\"text-align: center;\"><strong>Morena dice que no necesita vejigas para nadar<\/strong><\/p>\n<p>Luego de las protestas registradas en Nuevo Le\u00f3n, San Luis Potos\u00ed y otros estados contra los candidatos que ten\u00edan \u201ccasi segura\u201d la nominaci\u00f3n de Morena y sus aliados, el dirigente nacional del partido en el gobierno, el diputado con licencia, Mario Delgado Carrillo, parece haber decidido rectificar el camino.<\/p>\n<p>El nuevo dirigente \u201cmoreno\u201d declar\u00f3 ayer que su partido \u00a0analiza la posibilidad de ir solo en la mayor\u00eda de los 15 estados que estar\u00e1n en disputa en las elecciones del a\u00f1o venidero.<\/p>\n<p>Sin embargo, esto no aplica para la renovaci\u00f3n de la C\u00e1mara de Diputados federal.<\/p>\n<p>Para este caso, dijo Delgado Carrillo, el pr\u00f3ximo lunes comenzar\u00e1n mesas de negociaci\u00f3n con el Partido del Trabajo (PT) y el Verde Ecologista (PVEM).<\/p>\n<p>En conferencia de prensa en la sede nacional de su partido, Delgado inform\u00f3 que, junto con los integrantes de la Comisi\u00f3n Nacional de Elecciones, se reuni\u00f3 con todas y todos los aspirantes a convertirse en candidatos a las gubernaturas en disputa, quienes aceptaron firmar un acuerdo en el que se comprometen a respetar los resultados de las encuestas con la que se definir\u00e1n a las y los abanderados, as\u00ed como no recurrir a protestas de inconformidad.<\/p>\n<p>Mientras afuera de la sede partidista se desarrollaba una manifestaci\u00f3n de simpatizantes, el dirigente nacional de Morena solicit\u00f3 a los militantes \u201ccuidar\u201d al partido.<\/p>\n<p>\u201cNosotros no nos podemos convertir en los principales enemigos de Morena. Les recordamos que dentro de los estatutos, el art\u00edculo tercero establece que nos tenemos que conducir con respeto, con fraternidad, que no debe haber lugar a la denostaci\u00f3n entre nosotros porque eso lo aprovechan los adversarios.<\/p>\n<p>\u201cLes recordamos tambi\u00e9n que en Morena no se lucha por puestos, cargos o privilegios., sino por el compromiso de la transformaci\u00f3n\u201d, indic\u00f3.<\/p>\n<p>Tambi\u00e9n indic\u00f3 que al definirse las candidaturas por medio de encuestas se eliminan muchos de los vicios de la pol\u00edtica y no se permitir\u00e1 \u201cinfluyentismos, amiguismos o sectarismos\u201d.<\/p>\n<p>Delgado confirm\u00f3 que hoy, viernes, y ma\u00f1ana, s\u00e1bado, se llevar\u00e1 a cabo el registro de las y los interesados en participar en las elecciones por los gobiernos de los estados en 2021 y aclar\u00f3 que las alianzas con el PT y con el Verde s\u00f3lo se han concretado en Guerrero y Nuevo Le\u00f3n, luego de que en San Luis Potos\u00ed no hubo acuerdo, mientras que en el resto de los estados contin\u00faan las negociaciones en torno a posibles coaliciones.<\/p>\n<p>En otra parte de la conferencia, Delgado Carrillo abord\u00f3 el tema de la obligada renovaci\u00f3n de la Comisi\u00f3n de Honestidad y Justicia del partido que se pospuso hace poco m\u00e1s de una semana. Dijo que se trabaja para lograr un consenso para definir cinco perfiles para estos cargos, ya que de lo contrario, dijo, el partido quedar\u00eda dividido.<\/p>\n<p>Al respecto, se debe recordar que ese \u00f3rgano colegiado fue duramente censurado en el proceso de elecci\u00f3n de nuevo presidente del partido, lo que oblig\u00f3 a intervenir al Tribunal Electoral del Poder Judicial de la Federaci\u00f3n, el cual tambi\u00e9n orden\u00f3 la renovaci\u00f3n de la Comisi\u00f3n, pues ya se vencieron los plazos para los cuales fueron elegidos sus integrantes.<\/p>\n<p style=\"text-align: center;\"><strong>Dos a\u00f1os de gobierno, sin resultados, asegura el PRI<\/strong><\/p>\n<p>\u201cSe cumplieron dos a\u00f1os de Morena en el poder, en los que la constante ha sido la falta de resultados y la destrucci\u00f3n de instituciones y programas que beneficiaban a las familias mexicanas, afirm\u00f3 la dirigencia del Partido Revolucionario Institucional (PRI).<\/p>\n<p>Al tiempo de hacer esta afirmaci\u00f3n la directiva priista, encabezada por Alejandro Moreno, exhort\u00f3 a la ciudadanos a retirar su apoyo al partido en el gobierno, pues es evidente que bajo su conducci\u00f3n M\u00e9xico perdi\u00f3 el rumbo.<\/p>\n<p>Moreno se\u00f1al\u00f3 que hoy, m\u00e1s que nunca, es evidente la falta de resultados y es claro que nuestro pa\u00eds ha perdido el rumbo y hoy tenemos una econom\u00eda en picada, m\u00e1s inseguridad y p\u00e9rdida de empleos. Asimismo, destac\u00f3 que Morena dej\u00f3 este a\u00f1o sin medicamentos a los ni\u00f1os con c\u00e1ncer.<\/p>\n<p>En paralelo, la dirigencia del tricolor inici\u00f3 una campa\u00f1a en redes sociales, con mensajes en los que recuerda a la ciudadan\u00eda que se perdieron m\u00e1s de 2 millones de empleos y que la actual administraci\u00f3n dej\u00f3 desprotegidas a las mujeres, al quitar recursos presupuestales para el combate a la violencia que padecen, esto adem\u00e1s de la falta de resultados en econom\u00eda.<\/p>\n<p>Por ello, ratific\u00f3: \u201c\u00a1En el 21 no te vayas con la finta! Es tiempo de dar marcha atr\u00e1s a sus errores\u201d.<\/p>\n<p><a href=\"mailto:arcangelpaz@me.com\" target=\"_blank\" rel=\"noopener noreferrer\"><em>arcangelpaz@me.com<\/em><\/a><\/p>\n","protected":false},"excerpt":{"rendered":"<p><span style=\"color: #005497;\"><strong>Miguel \u00c1ngel Rivera<\/strong><\/span><\/p>\n","protected":false},"author":3,"featured_media":0,"comment_status":"open","ping_status":"open","sticky":false,"template":"","format":"standard","meta":{"_monsterinsights_skip_tracking":false,"_monsterinsights_sitenote_active":false,"_monsterinsights_sitenote_note":"","_monsterinsights_sitenote_category":0,"footnotes":""},"categories":[84119],"tags":[84120,84121,43674],"class_list":["post-488850","post","type-post","status-publish","format-standard","hentry","category-miguel-angel-rivera","tag-clase-politica","tag-miguel-angel-rivera","tag-opinion"],"_links":{"self":[{"href":"https:\/\/www.diarioimagen.net\/index.php?rest_route=\/wp\/v2\/posts\/488850","targetHints":{"allow":["GET"]}}],"collection":[{"href":"https:\/\/www.diarioimagen.net\/index.php?rest_route=\/wp\/v2\/posts"}],"about":[{"href":"https:\/\/www.diarioimagen.net\/index.php?rest_route=\/wp\/v2\/types\/post"}],"author":[{"embeddable":true,"href":"https:\/\/www.diarioimagen.net\/index.php?rest_route=\/wp\/v2\/users\/3"}],"replies":[{"embeddable":true,"href":"https:\/\/www.diarioimagen.net\/index.php?rest_route=%2Fwp%2Fv2%2Fcomments&post=488850"}],"version-history":[{"count":0,"href":"https:\/\/www.diarioimagen.net\/index.php?rest_route=\/wp\/v2\/posts\/488850\/revisions"}],"wp:attachment":[{"href":"https:\/\/www.diarioimagen.net\/index.php?rest_route=%2Fwp%2Fv2%2Fmedia&parent=488850"}],"wp:term":[{"taxonomy":"category","embeddable":true,"href":"https:\/\/www.diarioimagen.net\/index.php?rest_route=%2Fwp%2Fv2%2Fcategories&post=488850"},{"taxonomy":"post_tag","embeddable":true,"href":"https:\/\/www.diarioimagen.net\/index.php?rest_route=%2Fwp%2Fv2%2Ftags&post=488850"}],"curies":[{"name":"wp","href":"https:\/\/api.w.org\/{rel}","templated":true}]}}