{"id":488909,"date":"2020-12-07T00:04:49","date_gmt":"2020-12-07T06:04:49","guid":{"rendered":"https:\/\/www.diarioimagen.net\/?p=488909"},"modified":"2020-12-07T00:17:43","modified_gmt":"2020-12-07T06:17:43","slug":"recorre-raciel-perez-junto-con-vecinas-y-vecinos-la-colonia-tlayapa","status":"publish","type":"post","link":"https:\/\/www.diarioimagen.net\/?p=488909","title":{"rendered":"Recorre Raciel P\u00e9rez, junto con vecinas y vecinos, la colonia Tlayapa"},"content":{"rendered":"<p>&nbsp;<\/p>\n<p><img loading=\"lazy\" decoding=\"async\" class=\"aligncenter size-full wp-image-488910\" src=\"https:\/\/www.diarioimagen.net\/wp-content\/uploads\/2020\/12\/CAMACHO7-dPOR.jpg\" alt=\"\" width=\"460\" height=\"270\" \/><\/p>\n<p>&nbsp;<\/p>\n<p><b>Tlalnepantla, Estado de M\u00e9xico<\/b><b>.-<\/b> El alcalde Raciel P\u00e9rez Cruz realiz\u00f3 un recorrido con habitantes de la colonia Tlayapa, para reforzar acciones en materia de seguridad, recuperaci\u00f3n y mantenimiento de espacios p\u00fablicos, se\u00f1alizaci\u00f3n y programas sociales.<\/p>\n","protected":false},"excerpt":{"rendered":"<p>El alcalde Raciel P\u00e9rez Cruz realiz\u00f3 un recorrido con habitantes de la colonia Tlayapa<\/p>\n","protected":false},"author":1,"featured_media":488910,"comment_status":"open","ping_status":"open","sticky":false,"template":"","format":"standard","meta":{"_monsterinsights_skip_tracking":false,"_monsterinsights_sitenote_active":false,"_monsterinsights_sitenote_note":"","_monsterinsights_sitenote_category":0,"footnotes":""},"categories":[5],"tags":[43675,47553,169],"class_list":["post-488909","post","type-post","status-publish","format-standard","has-post-thumbnail","hentry","category-estado-de-mexico","tag-estado-de-mexico","tag-recorrido","tag-tlalnepantla"],"_links":{"self":[{"href":"https:\/\/www.diarioimagen.net\/index.php?rest_route=\/wp\/v2\/posts\/488909","targetHints":{"allow":["GET"]}}],"collection":[{"href":"https:\/\/www.diarioimagen.net\/index.php?rest_route=\/wp\/v2\/posts"}],"about":[{"href":"https:\/\/www.diarioimagen.net\/index.php?rest_route=\/wp\/v2\/types\/post"}],"author":[{"embeddable":true,"href":"https:\/\/www.diarioimagen.net\/index.php?rest_route=\/wp\/v2\/users\/1"}],"replies":[{"embeddable":true,"href":"https:\/\/www.diarioimagen.net\/index.php?rest_route=%2Fwp%2Fv2%2Fcomments&post=488909"}],"version-history":[{"count":0,"href":"https:\/\/www.diarioimagen.net\/index.php?rest_route=\/wp\/v2\/posts\/488909\/revisions"}],"wp:featuredmedia":[{"embeddable":true,"href":"https:\/\/www.diarioimagen.net\/index.php?rest_route=\/wp\/v2\/media\/488910"}],"wp:attachment":[{"href":"https:\/\/www.diarioimagen.net\/index.php?rest_route=%2Fwp%2Fv2%2Fmedia&parent=488909"}],"wp:term":[{"taxonomy":"category","embeddable":true,"href":"https:\/\/www.diarioimagen.net\/index.php?rest_route=%2Fwp%2Fv2%2Fcategories&post=488909"},{"taxonomy":"post_tag","embeddable":true,"href":"https:\/\/www.diarioimagen.net\/index.php?rest_route=%2Fwp%2Fv2%2Ftags&post=488909"}],"curies":[{"name":"wp","href":"https:\/\/api.w.org\/{rel}","templated":true}]}}