{"id":489020,"date":"2020-12-07T00:07:39","date_gmt":"2020-12-07T06:07:39","guid":{"rendered":"https:\/\/www.diarioimagen.net\/?p=489020"},"modified":"2020-12-07T04:18:48","modified_gmt":"2020-12-07T10:18:48","slug":"chacales-en-el-negocio-de-la-salud","status":"publish","type":"post","link":"https:\/\/www.diarioimagen.net\/?p=489020","title":{"rendered":"Chacales en el negocio de la salud"},"content":{"rendered":"<h2>\u00a1Que conste,.. son reflexiones!<\/h2>\n<h5>S\u00f3crates A. Campos Lemus<\/h5>\n<p>&nbsp;<\/p>\n<p>En realidad no existen adivinos ni lo somos en nuestra persona, de pronto tenemos alg\u00fan malestar y no atinamos a comprenderlo por lo que vamos al m\u00e9dico y resulta que, al final de cuentas, uno anda bajo de todo y mal de algunos lados, claro que uno se preocupa, se puede incluso angustiar, los lenguajes m\u00e9dicos y los t\u00e9rminos no son complejos, pero no son entendibles para uno en forma f\u00e1cil y bueno, te dicen que no hay m\u00e1s que prevenir y que se tiene que poner en manos de otro especialista, porque ahora los cardi\u00f3logos tienen muchas especialidades y los centros de atenci\u00f3n no son normales, son como cualquier otro lugar: NEGOCIOS y algunos m\u00e9dicos, no todos,\u00a0 pues son los negociantes y es cuando las cosas se complican mucho. La atenci\u00f3n oficial se ha ca\u00eddo de muchas formas y los gobiernos sudan para sostenerlos y los m\u00e9dicos que est\u00e1n prestando sus servicios en esos sitios, pues est\u00e1n congestionados de trabajo, mal pagados y en ocasiones hasta mal tratados y as\u00ed dan lo mejor de ellos a pesar de que el presidente dice que no se cobran los servicios, pues sabe, la realidad es que de una u otra forma lo hacen o lo quieren hacer para compensar los gastos y que puedan continuar con los servicios y es cuando gente como yo o como otros miles o millones que no tenemos seguro ni atenci\u00f3n gratuita estamos expuestos a tomar determinaciones de que: nos dejamos a \u201cver qu\u00e9 sucede\u201d o perdemos casa, vestido y sustento que, para el caso es lo mismo.<\/p>\n<p>Estoy sin duda en una encrucijada y lo mejor es tomar el tiempo y pensar en las posibilidades de que recibamos apoyo y ayuda y para ello hay que batallar y esto no solamente lastima la autoestima y genera verg\u00fcenza porque un viejo como nosotros estamos acostumbrados a no pedir nada y valernos con nuestros medios y recursos, pero hay veces en que no hay m\u00e1s que doblarse y aceptar esa realidad, en fin, cuento esto, no porque pretenda despertar simpat\u00edas o algo por el estilo, me vale, pero es una realidad que se repite por miles o millones de viejos y de gente que est\u00e1 expuesta a los batallares de la desocupaci\u00f3n o los problemas de los ingresos y as\u00ed, cuando tenemos que comprar medicamentos nos sentimos del carajo porque la realidad es que nadie puede explicar los altos costos y de que ahora vemos filas de compradores de medicamentos en todo tipo de farmacias y as\u00ed pues la desgracia empobrece a muchos m\u00e1s y a unos cu\u00e1ntos enriquece y el c\u00edrculo es de no terminar.<\/p>\n<p>En mi caso tengo la fortuna de contar con muchos amigos m\u00e9dicos que opinan y buscan apoyar, pero no es el caso, el asunto de un tundem\u00e1quinas como yo es que cuando entendemos que un problema no es personal, sino que es un asunto social y que afecta a miles de jodidos o injodibles, pues hay que hablar del tema pensando en que a lo mejor, s\u00ed, a lo mejor, alg\u00fan pol\u00edtico entienda el asunto y ponga atenci\u00f3n y trate de resolverlo, que lo dudamos, cuando existe la atenci\u00f3n completa de miles de m\u00e9dicos, enfermeras y personal de salud empe\u00f1ados en conservar vidas y sufren de muchas carencias y dificultades y para ello los pol\u00edticos andan muchos m\u00e1s preocupados en las contiendas electorales o en sus pleitos y b\u00fasqueda de puestos y presupuestos que en atender realmente a los miembros del infelizaje nacional, y bueno, as\u00ed es la realidad.<\/p>\n<p>Se ha dicho hasta el cansancio que el gobierno actual luchar\u00e1 contra los males del neoliberalismo y pues ah\u00ed est\u00e1 uno y grave y no vemos realmente que se luche en su contra. El Presidente tiene la voluntad pol\u00edtica y la promesa de que los servicios m\u00e9dicos ser\u00e1n gratuitos, pero en la realidad a lo mejor lo que sucede es que muchos de los funcionarios y pol\u00edticos que deber\u00edan ver el asunto andan en lo suyo o en lo otro, pero no en lo que tienen que hacer y le hacen mucho al ensarapado porque al final de cuentas muchos de ellos saben que lograr la atenci\u00f3n m\u00e9dica integral gratuita a la poblaci\u00f3n les reduce en mucho sus oportunidades de crecimiento econ\u00f3mico a miles de profesionales de la salud que con enormes esfuerzos han logrado hacer su carrera y especialidad y han invertido muchos a\u00f1os en ello y cuando salen, pues andan con una mano atr\u00e1s y otra adelante y lo que buscan, tambi\u00e9n, es mejorar su situaci\u00f3n econ\u00f3mica para darle una mejor vida a su familia, no todos tienen la visi\u00f3n presidencial de que es mejor servir que ganar, esto es una gran idea, pero que necesita una sociedad mejor, m\u00e1s equilibrada y solidaria que la que actualmente tenemos, claro que es un gran sue\u00f1o, pero debe ser un objetivo a largo o mediano plazo y no se puede meter de golpe porque s\u00f3lo se ve como imposici\u00f3n y no como una toma de conciencia, sobre todo cuando las condiciones no est\u00e1n dadas para poderse operar como \u201cDios manda\u201d y me pregunto: \u00bfQUI\u00c9N PONE UN FRENO A LA VORACIDAD DE LAS EMPRESAS FARMAC\u00c9UTICAS\u00a0 Y HOSPITALES PRIVADOS Y CONTROLA LOS PRECIOS DE MEDICAMENTOS Y ATENCI\u00d3N HOSPITALARIA Y QUI\u00c9N SE OCUPA QUE EXISTAN ELEMENTOS y equipos adecuados en los centros de servicio social hospitalario? porque no existen y as\u00ed aparecen las cl\u00ednicas de los empresarios de la salud y ah\u00ed tenemos el grave problema que nadie toca ni trata de resolver, tampoco se han resuelto los grandes saqueos y robos que algunos pol\u00edticos y funcionarios, con empresarios, han hecho al sector salud, tal como se han denunciado muchas ocasiones e incluso se han dado nombres y datos y como al parecer algunos son ex gobernadores ligados, al inicio, a AMLO y se aprovechan de que este es hombre leal a la amistad, pues no sucede nada y dejan que los responsables y sus socios sigan en la impunidad y sigan robando a manos llenas, total, est\u00e1n seguros que a pesar de muchas cosas y habladas no pasa nada porque los acuerdos son grandes o los protectores poderosos y as\u00ed, pues estamos bien, pero bien jodidos.<\/p>\n<p><em><a href=\"mailto:socrates_campos8@yahoo.com.mx\" target=\"_blank\" rel=\"noopener noreferrer\">socrates_campos8@yahoo.com.mx<\/a><\/em><\/p>\n","protected":false},"excerpt":{"rendered":"<p><span style=\"color: #005497;\"><strong>S\u00f3crates A. Campos Lemus<\/strong><\/span><\/p>\n","protected":false},"author":3,"featured_media":0,"comment_status":"open","ping_status":"open","sticky":false,"template":"","format":"standard","meta":{"_monsterinsights_skip_tracking":false,"_monsterinsights_sitenote_active":false,"_monsterinsights_sitenote_note":"","_monsterinsights_sitenote_category":0,"footnotes":""},"categories":[82147],"tags":[82149,43674,82150,82148],"class_list":["post-489020","post","type-post","status-publish","format-standard","hentry","category-socrates-a-campos-lemus","tag-son-reflexiones","tag-opinion","tag-socrates-a-campos-lemus","tag-que-conste"],"_links":{"self":[{"href":"https:\/\/www.diarioimagen.net\/index.php?rest_route=\/wp\/v2\/posts\/489020","targetHints":{"allow":["GET"]}}],"collection":[{"href":"https:\/\/www.diarioimagen.net\/index.php?rest_route=\/wp\/v2\/posts"}],"about":[{"href":"https:\/\/www.diarioimagen.net\/index.php?rest_route=\/wp\/v2\/types\/post"}],"author":[{"embeddable":true,"href":"https:\/\/www.diarioimagen.net\/index.php?rest_route=\/wp\/v2\/users\/3"}],"replies":[{"embeddable":true,"href":"https:\/\/www.diarioimagen.net\/index.php?rest_route=%2Fwp%2Fv2%2Fcomments&post=489020"}],"version-history":[{"count":0,"href":"https:\/\/www.diarioimagen.net\/index.php?rest_route=\/wp\/v2\/posts\/489020\/revisions"}],"wp:attachment":[{"href":"https:\/\/www.diarioimagen.net\/index.php?rest_route=%2Fwp%2Fv2%2Fmedia&parent=489020"}],"wp:term":[{"taxonomy":"category","embeddable":true,"href":"https:\/\/www.diarioimagen.net\/index.php?rest_route=%2Fwp%2Fv2%2Fcategories&post=489020"},{"taxonomy":"post_tag","embeddable":true,"href":"https:\/\/www.diarioimagen.net\/index.php?rest_route=%2Fwp%2Fv2%2Ftags&post=489020"}],"curies":[{"name":"wp","href":"https:\/\/api.w.org\/{rel}","templated":true}]}}