{"id":489060,"date":"2020-12-08T00:03:09","date_gmt":"2020-12-08T06:03:09","guid":{"rendered":"https:\/\/www.diarioimagen.net\/?p=489060"},"modified":"2020-12-07T21:19:01","modified_gmt":"2020-12-08T03:19:01","slug":"el-alcalde-raciel-perez-participo-en-la-sesion-virtual-de-la-mesa-de-coordinacion-para-la-construccion-de-la-paz","status":"publish","type":"post","link":"https:\/\/www.diarioimagen.net\/?p=489060","title":{"rendered":"El alcalde Raciel P\u00e9rez particip\u00f3\u00a0en la sesi\u00f3n virtual de la\u00a0Mesa de Coordinaci\u00f3n para\u00a0la Construcci\u00f3n de la Paz"},"content":{"rendered":"<p>&nbsp;<\/p>\n<p><img loading=\"lazy\" decoding=\"async\" class=\"aligncenter size-full wp-image-489061\" src=\"https:\/\/www.diarioimagen.net\/wp-content\/uploads\/2020\/12\/CAMACHO8-cPOR.jpg\" alt=\"\" width=\"460\" height=\"270\" \/><\/p>\n<p>&nbsp;<\/p>\n<p><strong>Tlalnepantla, Estado de M\u00e9xico<\/strong><b>. \u2013<\/b> El presidente municipal Raciel P\u00e9rez Cruz particip\u00f3 en la sesi\u00f3n virtual de la Mesa de Coordinaci\u00f3n para la Construcci\u00f3n de la Paz, en la que autoridades municipales, estatales y federales refuerzan estrategias para combatir la delincuencia en Nuestra Ciudad.<\/p>\n","protected":false},"excerpt":{"rendered":"<p>El presidente municipal Raciel P\u00e9rez Cruz particip\u00f3 en la sesi\u00f3n virtual de la Mesa de Coordinaci\u00f3n para la Construcci\u00f3n de la Paz, en la que autoridades municipales, estatales y federales refuerzan estrategias para combatir la delincuencia en Nuestra Ciudad.<\/p>\n","protected":false},"author":1,"featured_media":489061,"comment_status":"open","ping_status":"open","sticky":false,"template":"","format":"standard","meta":{"_monsterinsights_skip_tracking":false,"_monsterinsights_sitenote_active":false,"_monsterinsights_sitenote_note":"","_monsterinsights_sitenote_category":0,"footnotes":""},"categories":[5],"tags":[43675,81517,169],"class_list":["post-489060","post","type-post","status-publish","format-standard","has-post-thumbnail","hentry","category-estado-de-mexico","tag-estado-de-mexico","tag-raciel-perez-cruz","tag-tlalnepantla"],"_links":{"self":[{"href":"https:\/\/www.diarioimagen.net\/index.php?rest_route=\/wp\/v2\/posts\/489060","targetHints":{"allow":["GET"]}}],"collection":[{"href":"https:\/\/www.diarioimagen.net\/index.php?rest_route=\/wp\/v2\/posts"}],"about":[{"href":"https:\/\/www.diarioimagen.net\/index.php?rest_route=\/wp\/v2\/types\/post"}],"author":[{"embeddable":true,"href":"https:\/\/www.diarioimagen.net\/index.php?rest_route=\/wp\/v2\/users\/1"}],"replies":[{"embeddable":true,"href":"https:\/\/www.diarioimagen.net\/index.php?rest_route=%2Fwp%2Fv2%2Fcomments&post=489060"}],"version-history":[{"count":0,"href":"https:\/\/www.diarioimagen.net\/index.php?rest_route=\/wp\/v2\/posts\/489060\/revisions"}],"wp:featuredmedia":[{"embeddable":true,"href":"https:\/\/www.diarioimagen.net\/index.php?rest_route=\/wp\/v2\/media\/489061"}],"wp:attachment":[{"href":"https:\/\/www.diarioimagen.net\/index.php?rest_route=%2Fwp%2Fv2%2Fmedia&parent=489060"}],"wp:term":[{"taxonomy":"category","embeddable":true,"href":"https:\/\/www.diarioimagen.net\/index.php?rest_route=%2Fwp%2Fv2%2Fcategories&post=489060"},{"taxonomy":"post_tag","embeddable":true,"href":"https:\/\/www.diarioimagen.net\/index.php?rest_route=%2Fwp%2Fv2%2Ftags&post=489060"}],"curies":[{"name":"wp","href":"https:\/\/api.w.org\/{rel}","templated":true}]}}