{"id":489063,"date":"2020-12-08T00:02:46","date_gmt":"2020-12-08T06:02:46","guid":{"rendered":"https:\/\/www.diarioimagen.net\/?p=489063"},"modified":"2020-12-07T21:16:40","modified_gmt":"2020-12-08T03:16:40","slug":"los-feminicidios-una-consecuencia-del-neoliberalismo-senadora-martha-guerrero","status":"publish","type":"post","link":"https:\/\/www.diarioimagen.net\/?p=489063","title":{"rendered":"Los feminicidios, una consecuencia del neoliberalismo: senadora Martha Guerrero"},"content":{"rendered":"<p>&nbsp;<\/p>\n<ul>\n<li><em><b>Conversatorio en Cuautitl\u00e1n, M\u00e9xico<\/b><\/em><\/li>\n<\/ul>\n<p>&nbsp;<\/p>\n<div id=\"attachment_489064\" style=\"width: 470px\" class=\"wp-caption aligncenter\"><img loading=\"lazy\" decoding=\"async\" aria-describedby=\"caption-attachment-489064\" class=\"size-full wp-image-489064\" src=\"https:\/\/www.diarioimagen.net\/wp-content\/uploads\/2020\/12\/CAMACHO8-bPOR.jpg\" alt=\"\" width=\"460\" height=\"270\" \/><p id=\"caption-attachment-489064\" class=\"wp-caption-text\">Al conversatorio \u201cFeminicidios, un problema social\u201d, realizado por el Organismo desconcentrado municipal de la Mujer en Cuautitl\u00e1n, asisti\u00f3 el alcalde Ariel Ju\u00e1rez Rodr\u00edguez.<\/p><\/div>\n<p>&nbsp;<\/p>\n<p><strong>Cuautitl\u00e1n, Estado de M\u00e9xico<\/strong>.- Durante el conversatorio \u201cFeminicidios, un problema social\u201d, realizado por el Organismo desconcentrado municipal de la Mujer como parte de la actividades realizadas durante la semana internacional de la eliminaci\u00f3n de la violencia contra la mujer, la senadora Martha Guerrero S\u00e1nchez, destac\u00f3 la importancia de trabajar desde los municipios para proponer pol\u00edticas p\u00fablicas que incidan en la toma de decisiones y afrontar de forma responsable el tema de los feminicidios en el pa\u00eds.<\/p>\n<p>Acompa\u00f1ada del presidente municipal Ariel Ju\u00e1rez Rodr\u00edguez y titulares de distintas \u00e1reas de la administraci\u00f3n la senadora y presidenta de la Comisi\u00f3n encargada de dar Seguimiento a los Casos De Feminicidios de Ni\u00f1as y Adolescentes, resalt\u00f3 que en la entidad mexiquense se han repuntado los casos de violencia como resultado de las pol\u00edticas neoiberales que permearon durante muchos a\u00f1os en M\u00e9xico.<\/p>\n<p>El problema de los feminicidios, adem\u00e1s es un problema de cultura que tiene muchos a\u00f1os, donde el abuso a las mujeres ha estado presente y que debe ser contrarrestado por todos los entes de la sociedad, donde los gobiernos actuales no son los culpables, como algunos sectores lo se\u00f1alan, reconoci\u00f3 S\u00e1nchez Guerrero, ante vecinas que acudieron a este conversatorio.<\/p>\n<p>Destac\u00f3 que antes se hablaba de feminicidios de mujeres, hoy de feminicidios de ni\u00f1as, situaci\u00f3n grave que refleja el estado de descomposici\u00f3n de la sociedad y la p\u00e9rdida de valores y otro problema es cuando las j\u00f3venes que desean levantar una denuncia encuentran un vac\u00edo en los ministerios p\u00fablicos, en la entidad mexiquense, ya que no tienen la m\u00ednima sensibilidad para atenderlas, adem\u00e1s de la negligencia que diariamente padecen al solicitar ayuda.<\/p>\n<p>A trav\u00e9s de testimonios de vida sobre los casos que ha tenido conocimiento<span class=\"Apple-converted-space\">\u00a0 <\/span>la senadora Martha Guerrero, reconoci\u00f3 que la cultura tiene que ver mucho en la decisi\u00f3n de un mujer, ya que al tener claro que si un servidor p\u00fablico como los ministerios p\u00fablicos no atienden una denuncia estos pueden ser sujetos a sanciones o hasta perder su empleo, por eso es necesario conocer nuestros derechos en todos los \u00e1mbitos.<\/p>\n","protected":false},"excerpt":{"rendered":"<p>Durante el conversatorio \u201cFeminicidios, un problema social\u201d, realizado por el Organismo desconcentrado municipal de la Mujer como parte de la actividades realizadas durante la semana internacional de la eliminaci\u00f3n de la violencia contra la mujer, la senadora Martha Guerrero S\u00e1nchez, destac\u00f3 la importancia de trabajar desde los municipios para proponer pol\u00edticas p\u00fablicas que incidan en la toma de decisiones y afrontar de forma responsable el tema de los feminicidios en el pa\u00eds.<\/p>\n","protected":false},"author":1,"featured_media":489064,"comment_status":"open","ping_status":"open","sticky":false,"template":"","format":"standard","meta":{"_monsterinsights_skip_tracking":false,"_monsterinsights_sitenote_active":false,"_monsterinsights_sitenote_note":"","_monsterinsights_sitenote_category":0,"footnotes":""},"categories":[5],"tags":[681,43675,13143],"class_list":["post-489063","post","type-post","status-publish","format-standard","has-post-thumbnail","hentry","category-estado-de-mexico","tag-cuautitlan","tag-estado-de-mexico","tag-feminicidios"],"_links":{"self":[{"href":"https:\/\/www.diarioimagen.net\/index.php?rest_route=\/wp\/v2\/posts\/489063","targetHints":{"allow":["GET"]}}],"collection":[{"href":"https:\/\/www.diarioimagen.net\/index.php?rest_route=\/wp\/v2\/posts"}],"about":[{"href":"https:\/\/www.diarioimagen.net\/index.php?rest_route=\/wp\/v2\/types\/post"}],"author":[{"embeddable":true,"href":"https:\/\/www.diarioimagen.net\/index.php?rest_route=\/wp\/v2\/users\/1"}],"replies":[{"embeddable":true,"href":"https:\/\/www.diarioimagen.net\/index.php?rest_route=%2Fwp%2Fv2%2Fcomments&post=489063"}],"version-history":[{"count":0,"href":"https:\/\/www.diarioimagen.net\/index.php?rest_route=\/wp\/v2\/posts\/489063\/revisions"}],"wp:featuredmedia":[{"embeddable":true,"href":"https:\/\/www.diarioimagen.net\/index.php?rest_route=\/wp\/v2\/media\/489064"}],"wp:attachment":[{"href":"https:\/\/www.diarioimagen.net\/index.php?rest_route=%2Fwp%2Fv2%2Fmedia&parent=489063"}],"wp:term":[{"taxonomy":"category","embeddable":true,"href":"https:\/\/www.diarioimagen.net\/index.php?rest_route=%2Fwp%2Fv2%2Fcategories&post=489063"},{"taxonomy":"post_tag","embeddable":true,"href":"https:\/\/www.diarioimagen.net\/index.php?rest_route=%2Fwp%2Fv2%2Ftags&post=489063"}],"curies":[{"name":"wp","href":"https:\/\/api.w.org\/{rel}","templated":true}]}}