{"id":489129,"date":"2020-12-08T00:03:09","date_gmt":"2020-12-08T06:03:09","guid":{"rendered":"https:\/\/www.diarioimagen.net\/?p=489129"},"modified":"2020-12-07T23:01:47","modified_gmt":"2020-12-08T05:01:47","slug":"las-mafias-del-poder","status":"publish","type":"post","link":"https:\/\/www.diarioimagen.net\/?p=489129","title":{"rendered":"Las \u201cmafias del poder\u201d"},"content":{"rendered":"<h2>Centro..!<\/h2>\n<h5>Arturo R\u00edos Ruiz<\/h5>\n<p>&nbsp;<\/p>\n<ul>\n<li><strong><em>As\u00ed las cataloga Mario Delgado<\/em><\/strong><\/li>\n<li><strong><em>Morena tambi\u00e9n tiene la suya\u00a0<\/em><\/strong><\/li>\n<\/ul>\n<p>&nbsp;<\/p>\n<p>Las alianzas que se conforman entre el PRI, PAN y PRD, provocaron cr\u00edticas de Andr\u00e9s Manuel L\u00f3pez Obrador y de Mario Delgado, l\u00edder de Morena. Las llamaron las \u201cmafias del poder\u201d.<\/p>\n<p>Primero AMLO: en Baja California, la semana pasada, el Presidente reiter\u00f3 sus cr\u00edticas contra la alianza que conforman el PRI y el PAN en aquella entidad: se congraci\u00f3 denominando \u201cla raz\u00f3n hist\u00f3rica\u201d, porque, dijo, fue \u00e9l quien desde hace a\u00f1os asegur\u00f3 que esos partidos eran lo mismo. Ya se sum\u00f3 el PRD.<\/p>\n<p>Mario Delgado: \u201cS\u00ed existe la mafia en el poder\u201d y la posible alianza pol\u00edtica entre los partidos PAN, PRI y PRD, para el proceso electoral 2021 lo confirma\u201d, asegur\u00f3 el presidente nacional de Morena.<\/p>\n<p>Esta coalici\u00f3n, indic\u00f3 en un comunicado, \u201cnace con el \u00fanico objetivo de defender sus propios y mezquinos intereses, en lugar de las necesidades de las y los mexicanos\u201d. El cl\u00e1sico estilo de emular al jefe.<\/p>\n<p>Juntos Haremos Historia inici\u00f3 en las elecciones de 2018 con una alianza electoral formada por el partido Movimiento Regeneraci\u00f3n Nacional, Morena, el Partido del Trabajo PT y el Partido Encuentro Social PES.<\/p>\n<p>Mario Delgado busca m\u00e1s alianzas, como con Encuentro Social, el Verde, Alianza Social y Redes Sociales Progresistas. As\u00ed que, de acuerdo a las cr\u00edticas de AMLO y Delgado, ellos est\u00e1n en el mismo contexto del mote \u201cmafias del poder\u201d.<\/p>\n<p>Las alianzas no son nuevas: en 1976, las elecciones fueron singulares: s\u00f3lo hubo un candidato. Quienes acudieron a las urnas el 4 de julio para escoger al presidente del sexenio 1976-1982 encontraron que en la boleta s\u00f3lo aparec\u00eda el nombre de Jos\u00e9 L\u00f3pez Portillo y Pacheco.<\/p>\n<p>Fue lanzado por los partidos Revolucionario Institucional PRI, el Popular Socialista, PPS y Aut\u00e9ntico de la Revoluci\u00f3n Mexicana, PARM. Los comicios para nombrar al nuevo Ejecutivo fueron mero tr\u00e1mite.<\/p>\n<p>La primera ocasi\u00f3n que el PAN y el PRD establecieron una alianza fue en las\u00a0elecciones estatales de San Luis Potos\u00ed de 1991\u00a0y su primer triunfo conjunto fue en los\u00a0comicios estatales de Nayarit de 1999. De 1991 a 2017 ambos partidos se aliaron en 21 ocasiones, en 16 estados distintos, triunfando en 11 comicios.<\/p>\n<p>Ahora, ante la fuerza indiscutible de Morena, los tres partidos, PRI, PAN y PRD, buscan repetir la historia que les acerc\u00f3 fabulosos resultados en el pasado y al parecer, hay inquietud entre el Presidente y su alfil, Delgado, que dirige Morena.<\/p>\n<p>As\u00ed es la democracia en M\u00e9xico, donde abunda la \u201cchiquillada\u201d, partidos de unos cuantos, s\u00f3lo para servir de corifeos a los m\u00e1s potenciales. La jugada ya est\u00e1 echada para 2021.<\/p>\n<p><em><a href=\"mailto:rrrart2000@hotmail.com\" target=\"_blank\" rel=\"noopener noreferrer\">rrrart2000@hotmail.com<\/a><\/em><\/p>\n","protected":false},"excerpt":{"rendered":"<p><span style=\"color: #005497;\"><strong>Arturo R\u00edos Ruiz<\/strong><\/span><\/p>\n","protected":false},"author":3,"featured_media":0,"comment_status":"open","ping_status":"open","sticky":false,"template":"","format":"standard","meta":{"_monsterinsights_skip_tracking":false,"_monsterinsights_sitenote_active":false,"_monsterinsights_sitenote_note":"","_monsterinsights_sitenote_category":0,"footnotes":""},"categories":[82265],"tags":[82266,10806,43674],"class_list":["post-489129","post","type-post","status-publish","format-standard","hentry","category-arturo-rios-ruiz","tag-arturo-rios-ruiz","tag-centro","tag-opinion"],"_links":{"self":[{"href":"https:\/\/www.diarioimagen.net\/index.php?rest_route=\/wp\/v2\/posts\/489129","targetHints":{"allow":["GET"]}}],"collection":[{"href":"https:\/\/www.diarioimagen.net\/index.php?rest_route=\/wp\/v2\/posts"}],"about":[{"href":"https:\/\/www.diarioimagen.net\/index.php?rest_route=\/wp\/v2\/types\/post"}],"author":[{"embeddable":true,"href":"https:\/\/www.diarioimagen.net\/index.php?rest_route=\/wp\/v2\/users\/3"}],"replies":[{"embeddable":true,"href":"https:\/\/www.diarioimagen.net\/index.php?rest_route=%2Fwp%2Fv2%2Fcomments&post=489129"}],"version-history":[{"count":0,"href":"https:\/\/www.diarioimagen.net\/index.php?rest_route=\/wp\/v2\/posts\/489129\/revisions"}],"wp:attachment":[{"href":"https:\/\/www.diarioimagen.net\/index.php?rest_route=%2Fwp%2Fv2%2Fmedia&parent=489129"}],"wp:term":[{"taxonomy":"category","embeddable":true,"href":"https:\/\/www.diarioimagen.net\/index.php?rest_route=%2Fwp%2Fv2%2Fcategories&post=489129"},{"taxonomy":"post_tag","embeddable":true,"href":"https:\/\/www.diarioimagen.net\/index.php?rest_route=%2Fwp%2Fv2%2Ftags&post=489129"}],"curies":[{"name":"wp","href":"https:\/\/api.w.org\/{rel}","templated":true}]}}