{"id":489182,"date":"2020-12-09T00:01:24","date_gmt":"2020-12-09T06:01:24","guid":{"rendered":"https:\/\/www.diarioimagen.net\/?p=489182"},"modified":"2020-12-08T20:16:42","modified_gmt":"2020-12-09T02:16:42","slug":"seguiremos-transformando-cuautitlan-edil-ariel-juarez","status":"publish","type":"post","link":"https:\/\/www.diarioimagen.net\/?p=489182","title":{"rendered":"Seguiremos transformando Cuautitl\u00e1n: edil Ariel Ju\u00e1rez"},"content":{"rendered":"<p>&nbsp;<\/p>\n<p><img loading=\"lazy\" decoding=\"async\" class=\"aligncenter size-full wp-image-489183\" src=\"https:\/\/www.diarioimagen.net\/wp-content\/uploads\/2020\/12\/CAMACHO9-dPOR.jpg\" alt=\"\" width=\"460\" height=\"270\" \/><\/p>\n<p>&nbsp;<\/p>\n<p><strong>Cuautitl\u00e1n, Estado de M\u00e9xico<\/strong><b>.\u2013<\/b> El presidente municipal Ariel Ju\u00e1rez ofreci\u00f3 conferencia de prensa al t\u00e9rmino del segundo informe de gobierno, donde expres\u00f3 que seguir\u00e1 trabajando en reencarpetamiento y en inversi\u00f3n para equipos de seguridad a Polic\u00eda Municipal, Protecci\u00f3n Civil y Bomberos.<\/p>\n","protected":false},"excerpt":{"rendered":"<p>El presidente municipal Ariel Ju\u00e1rez ofreci\u00f3 conferencia de prensa al t\u00e9rmino del segundo informe de gobierno, donde expres\u00f3 que seguir\u00e1 trabajando en reencarpetamiento y en inversi\u00f3n para equipos de seguridad a Polic\u00eda Municipal, Protecci\u00f3n Civil y Bomberos.<\/p>\n","protected":false},"author":1,"featured_media":489183,"comment_status":"open","ping_status":"open","sticky":false,"template":"","format":"standard","meta":{"_monsterinsights_skip_tracking":false,"_monsterinsights_sitenote_active":false,"_monsterinsights_sitenote_note":"","_monsterinsights_sitenote_category":0,"footnotes":""},"categories":[5],"tags":[681,43675],"class_list":["post-489182","post","type-post","status-publish","format-standard","has-post-thumbnail","hentry","category-estado-de-mexico","tag-cuautitlan","tag-estado-de-mexico"],"_links":{"self":[{"href":"https:\/\/www.diarioimagen.net\/index.php?rest_route=\/wp\/v2\/posts\/489182","targetHints":{"allow":["GET"]}}],"collection":[{"href":"https:\/\/www.diarioimagen.net\/index.php?rest_route=\/wp\/v2\/posts"}],"about":[{"href":"https:\/\/www.diarioimagen.net\/index.php?rest_route=\/wp\/v2\/types\/post"}],"author":[{"embeddable":true,"href":"https:\/\/www.diarioimagen.net\/index.php?rest_route=\/wp\/v2\/users\/1"}],"replies":[{"embeddable":true,"href":"https:\/\/www.diarioimagen.net\/index.php?rest_route=%2Fwp%2Fv2%2Fcomments&post=489182"}],"version-history":[{"count":0,"href":"https:\/\/www.diarioimagen.net\/index.php?rest_route=\/wp\/v2\/posts\/489182\/revisions"}],"wp:featuredmedia":[{"embeddable":true,"href":"https:\/\/www.diarioimagen.net\/index.php?rest_route=\/wp\/v2\/media\/489183"}],"wp:attachment":[{"href":"https:\/\/www.diarioimagen.net\/index.php?rest_route=%2Fwp%2Fv2%2Fmedia&parent=489182"}],"wp:term":[{"taxonomy":"category","embeddable":true,"href":"https:\/\/www.diarioimagen.net\/index.php?rest_route=%2Fwp%2Fv2%2Fcategories&post=489182"},{"taxonomy":"post_tag","embeddable":true,"href":"https:\/\/www.diarioimagen.net\/index.php?rest_route=%2Fwp%2Fv2%2Ftags&post=489182"}],"curies":[{"name":"wp","href":"https:\/\/api.w.org\/{rel}","templated":true}]}}