{"id":489185,"date":"2020-12-09T00:02:45","date_gmt":"2020-12-09T06:02:45","guid":{"rendered":"https:\/\/www.diarioimagen.net\/?p=489185"},"modified":"2020-12-09T04:58:08","modified_gmt":"2020-12-09T10:58:08","slug":"raciel-perez-asistio-a-la-ceremonia-del-dia-del-policia","status":"publish","type":"post","link":"https:\/\/www.diarioimagen.net\/?p=489185","title":{"rendered":"Raciel P\u00e9rez asisti\u00f3 a la ceremonia del D\u00eda del Polic\u00eda"},"content":{"rendered":"<p>&nbsp;<\/p>\n<p><img loading=\"lazy\" decoding=\"async\" class=\"size-full wp-image-489186 aligncenter\" src=\"https:\/\/www.diarioimagen.net\/wp-content\/uploads\/2020\/12\/CAMACHO9-cPOR.jpg\" alt=\"\" width=\"460\" height=\"270\" \/><\/p>\n<p>&nbsp;<\/p>\n<p><b>Tlalnepantla, Estado de M\u00e9xico.-<\/b> Raciel P\u00e9rez Cruz, presidente municipal de Nuestra Ciudad, asisti\u00f3 a la ceremonia del D\u00eda del Polic\u00eda, encabezada por el gobernador del Estado de M\u00e9xico, Alfredo Del Mazo Maza. Estuvieron presentes la diputada Karina Labastida Sotelo, presidenta de la Mesa Directiva de la LX Legislatura Estatal, el magistrado Ricardo Sodi Cu\u00e9llar, presidente del Tribunal Superior de Justicia de Estado de M\u00e9xico, funcionarios estatales, as\u00ed como representantes de las fuerzas armadas y empresariales.<\/p>\n","protected":false},"excerpt":{"rendered":"<p>Raciel P\u00e9rez Cruz, presidente municipal de Nuestra Ciudad, asisti\u00f3 a la ceremonia del D\u00eda del Polic\u00eda, encabezada por el gobernador del Estado de M\u00e9xico, Alfredo Del Mazo Maza. Estuvieron presentes la diputada Karina Labastida Sotelo, presidenta de la Mesa Directiva de la LX Legislatura Estatal, el magistrado Ricardo Sodi Cu\u00e9llar, presidente del Tribunal Superior de Justicia de Estado de M\u00e9xico, funcionarios estatales, as\u00ed como representantes de las fuerzas armadas y empresariales.<\/p>\n","protected":false},"author":1,"featured_media":489186,"comment_status":"open","ping_status":"open","sticky":false,"template":"","format":"standard","meta":{"_monsterinsights_skip_tracking":false,"_monsterinsights_sitenote_active":false,"_monsterinsights_sitenote_note":"","_monsterinsights_sitenote_category":0,"footnotes":""},"categories":[5],"tags":[43675,169],"class_list":["post-489185","post","type-post","status-publish","format-standard","has-post-thumbnail","hentry","category-estado-de-mexico","tag-estado-de-mexico","tag-tlalnepantla"],"_links":{"self":[{"href":"https:\/\/www.diarioimagen.net\/index.php?rest_route=\/wp\/v2\/posts\/489185","targetHints":{"allow":["GET"]}}],"collection":[{"href":"https:\/\/www.diarioimagen.net\/index.php?rest_route=\/wp\/v2\/posts"}],"about":[{"href":"https:\/\/www.diarioimagen.net\/index.php?rest_route=\/wp\/v2\/types\/post"}],"author":[{"embeddable":true,"href":"https:\/\/www.diarioimagen.net\/index.php?rest_route=\/wp\/v2\/users\/1"}],"replies":[{"embeddable":true,"href":"https:\/\/www.diarioimagen.net\/index.php?rest_route=%2Fwp%2Fv2%2Fcomments&post=489185"}],"version-history":[{"count":0,"href":"https:\/\/www.diarioimagen.net\/index.php?rest_route=\/wp\/v2\/posts\/489185\/revisions"}],"wp:featuredmedia":[{"embeddable":true,"href":"https:\/\/www.diarioimagen.net\/index.php?rest_route=\/wp\/v2\/media\/489186"}],"wp:attachment":[{"href":"https:\/\/www.diarioimagen.net\/index.php?rest_route=%2Fwp%2Fv2%2Fmedia&parent=489185"}],"wp:term":[{"taxonomy":"category","embeddable":true,"href":"https:\/\/www.diarioimagen.net\/index.php?rest_route=%2Fwp%2Fv2%2Fcategories&post=489185"},{"taxonomy":"post_tag","embeddable":true,"href":"https:\/\/www.diarioimagen.net\/index.php?rest_route=%2Fwp%2Fv2%2Ftags&post=489185"}],"curies":[{"name":"wp","href":"https:\/\/api.w.org\/{rel}","templated":true}]}}