{"id":489333,"date":"2020-12-10T00:03:23","date_gmt":"2020-12-10T06:03:23","guid":{"rendered":"https:\/\/www.diarioimagen.net\/?p=489333"},"modified":"2020-12-09T22:23:45","modified_gmt":"2020-12-10T04:23:45","slug":"pasos-firmes-para-consolidar-el-cambio-en-nicolas-romero-armando-navarrete","status":"publish","type":"post","link":"https:\/\/www.diarioimagen.net\/?p=489333","title":{"rendered":"Pasos firmes para consolidar el cambio en Nicol\u00e1s Romero: Armando Navarrete"},"content":{"rendered":"<p>&nbsp;<\/p>\n<p><img loading=\"lazy\" decoding=\"async\" class=\"aligncenter size-full wp-image-489334\" src=\"https:\/\/www.diarioimagen.net\/wp-content\/uploads\/2020\/12\/CAMACHO10-dPOR.jpg\" alt=\"\" width=\"460\" height=\"270\" \/><\/p>\n<p>&nbsp;<\/p>\n<p><b>Nicol\u00e1s Romero, <\/b><b>Estado de M\u00e9xico.- <\/b>La funci\u00f3n realizada por la administraci\u00f3n del alcalde Armando Navarrete construye pol\u00edticas p\u00fablicas organizadas en seis ejes o pilares fundamentales entrelazados entre s\u00ed.<\/p>\n<p>\u201cSi logramos satisfacer estos puntos habr\u00e1 m\u00e1s bienestar, menos violencia y en consecuencia paz social, los cuales son: Salud, Empleo, Vida Libre de Violencia, Derechos y Libertades, Vivienda y Espacios P\u00fablicos Dignos, as\u00ed como Educaci\u00f3n\u201d expres\u00f3 el presidente municipal, Armando Navarrete.<\/p>\n","protected":false},"excerpt":{"rendered":"<p>La funci\u00f3n realizada por la administraci\u00f3n del alcalde Armando Navarrete construye pol\u00edticas p\u00fablicas organizadas en seis ejes o pilares fundamentales entrelazados entre s\u00ed.<\/p>\n","protected":false},"author":1,"featured_media":489334,"comment_status":"open","ping_status":"open","sticky":false,"template":"","format":"standard","meta":{"_monsterinsights_skip_tracking":false,"_monsterinsights_sitenote_active":false,"_monsterinsights_sitenote_note":"","_monsterinsights_sitenote_category":0,"footnotes":""},"categories":[5],"tags":[43675,752],"class_list":["post-489333","post","type-post","status-publish","format-standard","has-post-thumbnail","hentry","category-estado-de-mexico","tag-estado-de-mexico","tag-nicolas-romero"],"_links":{"self":[{"href":"https:\/\/www.diarioimagen.net\/index.php?rest_route=\/wp\/v2\/posts\/489333","targetHints":{"allow":["GET"]}}],"collection":[{"href":"https:\/\/www.diarioimagen.net\/index.php?rest_route=\/wp\/v2\/posts"}],"about":[{"href":"https:\/\/www.diarioimagen.net\/index.php?rest_route=\/wp\/v2\/types\/post"}],"author":[{"embeddable":true,"href":"https:\/\/www.diarioimagen.net\/index.php?rest_route=\/wp\/v2\/users\/1"}],"replies":[{"embeddable":true,"href":"https:\/\/www.diarioimagen.net\/index.php?rest_route=%2Fwp%2Fv2%2Fcomments&post=489333"}],"version-history":[{"count":0,"href":"https:\/\/www.diarioimagen.net\/index.php?rest_route=\/wp\/v2\/posts\/489333\/revisions"}],"wp:featuredmedia":[{"embeddable":true,"href":"https:\/\/www.diarioimagen.net\/index.php?rest_route=\/wp\/v2\/media\/489334"}],"wp:attachment":[{"href":"https:\/\/www.diarioimagen.net\/index.php?rest_route=%2Fwp%2Fv2%2Fmedia&parent=489333"}],"wp:term":[{"taxonomy":"category","embeddable":true,"href":"https:\/\/www.diarioimagen.net\/index.php?rest_route=%2Fwp%2Fv2%2Fcategories&post=489333"},{"taxonomy":"post_tag","embeddable":true,"href":"https:\/\/www.diarioimagen.net\/index.php?rest_route=%2Fwp%2Fv2%2Ftags&post=489333"}],"curies":[{"name":"wp","href":"https:\/\/api.w.org\/{rel}","templated":true}]}}