{"id":489394,"date":"2020-12-11T00:05:28","date_gmt":"2020-12-11T06:05:28","guid":{"rendered":"https:\/\/www.diarioimagen.net\/?p=489394"},"modified":"2020-12-13T22:54:10","modified_gmt":"2020-12-14T04:54:10","slug":"alfredo-barrera-encabezo-homenaje-a-sonia-perez","status":"publish","type":"post","link":"https:\/\/www.diarioimagen.net\/?p=489394","title":{"rendered":"Alfredo Barrera encabez\u00f3 homenaje a Sonia P\u00e9rez"},"content":{"rendered":"<p><strong>\u00a0<\/strong><\/p>\n<ul>\n<li><em><strong>A un a\u00f1o de la muerte de la profesora de danza, el rector destac\u00f3 que la UAEM aspira a construir condiciones para que las mujeres puedan vivir libremente, decidir por ellas mismas y su cuerpo<\/strong><br \/>\n<\/em><\/li>\n<\/ul>\n<p><strong><em>\u00a0<\/em><\/strong><\/p>\n<div id=\"attachment_489457\" style=\"width: 470px\" class=\"wp-caption aligncenter\"><a href=\"https:\/\/www.diarioimagen.net\/?attachment_id=489457\" rel=\"attachment wp-att-489457\"><img loading=\"lazy\" decoding=\"async\" aria-describedby=\"caption-attachment-489457\" class=\"size-full wp-image-489457\" src=\"https:\/\/www.diarioimagen.net\/wp-content\/uploads\/2020\/12\/uaem-1.jpg\" alt=\"\" width=\"460\" height=\"270\" \/><\/a><p id=\"caption-attachment-489457\" class=\"wp-caption-text\">En compa\u00f1\u00eda de sus familiares, amigos e integrantes del Ballet Folcl\u00f3rico, el rector de la Universidad Aut\u00f3noma del Estado de M\u00e9xico, Alfredo Barrera, rindi\u00f3 homenaje p\u00f3stumo a Sonia P\u00e9rez Rodea en el \u00c1gora de C\u00e9nide.<\/p><\/div>\n<p>&nbsp;<\/p>\n<p><strong>Toluca, Estado de M\u00e9xico.-<\/strong> El rector de la Universidad Aut\u00f3noma del Estado de M\u00e9xico, Alfredo Barrera Baca, encabez\u00f3 el homenaje que la comunidad de la Universidad Aut\u00f3noma del Estado de M\u00e9xico rindi\u00f3 a la maestra de danza Sonia P\u00e9rez Rodea, a un a\u00f1o de su muerte.<\/p>\n<p>En el \u00c1gora de C\u00e9nide, en Ciudad Universitaria, donde se reunieron familiares de la profesora, as\u00ed como integrantes del Grupo de Danza Folcl\u00f3rica de la instituci\u00f3n y titulares de las secretar\u00edas de la Administraci\u00f3n Central, el rector destac\u00f3 que la UAEM aspira a construir condiciones para que las mujeres puedan vivir libremente, decidir por ellas mismas y su cuerpo.<\/p>\n<p>\u00abAspiramos a la libertad de las mujeres y el florecimiento social. Para ello, la UAEM tiene que pensar y aportar v\u00edas razonadas de soluci\u00f3n, reconstrucci\u00f3n y restauraci\u00f3n de la confianza al interior de nuestras comunidades acad\u00e9micas, familiares, amistosas y educativas\u00bb.<\/p>\n<p>Alfredo Barrera Baca subray\u00f3 que \u201cla ofrenda de este homenaje a nuestra compa\u00f1era Sonia P\u00e9rez y a las decenas de v\u00edctimas y deudos que hoy esperan justicia es el imperativo \u00e9tico que sus ausencias nos marcan\u00bb.<\/p>\n<p>Luego de rememorar la trayectoria art\u00edstica y profesional de su hermana, Gicela P\u00e9rez Rodea, afirm\u00f3 que el nombre de Sonia es motivo para que otras mujeres alcen la voz, se reconozcan y valoren. \u00abCon tu muerte reconoc\u00ed que siete de cada diez mujeres est\u00e1n siendo violentadas con golpes, insultos y amenazas constantes\u00bb.<\/p>\n<p>Por su parte, la investigadora de la Facultad de Humanidades, Marcela Venebra Mu\u00f1oz, indic\u00f3 que la violencia contra las mujeres atraviesa todos los \u00f3rdenes ling\u00fc\u00edsticos, culturales, sociales y simb\u00f3licos.<\/p>\n<p>Puntualiz\u00f3 que vivir con miedo no es normal. No es normal, abund\u00f3, vivir una vida de vigilancia y al acecho, soportar el dolor f\u00edsico, la pena emocional, la verg\u00fcenza y la humillaci\u00f3n. \u00abLa normalidad es la vida que puede sortear obst\u00e1culos y los sortea capaz y libremente\u00bb.<\/p>\n<p>Manifest\u00f3 que otra forma de vida es siempre posible y es un derecho. El homenaje a Sonia P\u00e9rez Rodea, dijo, consiste en expresar lo que dej\u00f3 la profesora, la ense\u00f1anza elemental, vivir libremente en busca del arte y la belleza.<\/p>\n","protected":false},"excerpt":{"rendered":"<p>El rector de la Universidad Aut\u00f3noma del Estado de M\u00e9xico, Alfredo Barrera Baca, encabez\u00f3 el homenaje que la comunidad de la Universidad Aut\u00f3noma del Estado de M\u00e9xico rindi\u00f3 a la maestra de danza Sonia P\u00e9rez Rodea, a un a\u00f1o de su muerte.<\/p>\n","protected":false},"author":3,"featured_media":489457,"comment_status":"open","ping_status":"open","sticky":false,"template":"","format":"standard","meta":{"_monsterinsights_skip_tracking":false,"_monsterinsights_sitenote_active":false,"_monsterinsights_sitenote_note":"","_monsterinsights_sitenote_category":0,"footnotes":""},"categories":[5],"tags":[58572,43675,452,1490],"class_list":["post-489394","post","type-post","status-publish","format-standard","has-post-thumbnail","hentry","category-estado-de-mexico","tag-alfredo-barrera-baca","tag-estado-de-mexico","tag-toluca","tag-universidad-autonoma-del-estado-de-mexico"],"_links":{"self":[{"href":"https:\/\/www.diarioimagen.net\/index.php?rest_route=\/wp\/v2\/posts\/489394","targetHints":{"allow":["GET"]}}],"collection":[{"href":"https:\/\/www.diarioimagen.net\/index.php?rest_route=\/wp\/v2\/posts"}],"about":[{"href":"https:\/\/www.diarioimagen.net\/index.php?rest_route=\/wp\/v2\/types\/post"}],"author":[{"embeddable":true,"href":"https:\/\/www.diarioimagen.net\/index.php?rest_route=\/wp\/v2\/users\/3"}],"replies":[{"embeddable":true,"href":"https:\/\/www.diarioimagen.net\/index.php?rest_route=%2Fwp%2Fv2%2Fcomments&post=489394"}],"version-history":[{"count":0,"href":"https:\/\/www.diarioimagen.net\/index.php?rest_route=\/wp\/v2\/posts\/489394\/revisions"}],"wp:featuredmedia":[{"embeddable":true,"href":"https:\/\/www.diarioimagen.net\/index.php?rest_route=\/wp\/v2\/media\/489457"}],"wp:attachment":[{"href":"https:\/\/www.diarioimagen.net\/index.php?rest_route=%2Fwp%2Fv2%2Fmedia&parent=489394"}],"wp:term":[{"taxonomy":"category","embeddable":true,"href":"https:\/\/www.diarioimagen.net\/index.php?rest_route=%2Fwp%2Fv2%2Fcategories&post=489394"},{"taxonomy":"post_tag","embeddable":true,"href":"https:\/\/www.diarioimagen.net\/index.php?rest_route=%2Fwp%2Fv2%2Ftags&post=489394"}],"curies":[{"name":"wp","href":"https:\/\/api.w.org\/{rel}","templated":true}]}}