{"id":489411,"date":"2020-12-10T00:02:28","date_gmt":"2020-12-10T06:02:28","guid":{"rendered":"https:\/\/www.diarioimagen.net\/?p=489411"},"modified":"2020-12-10T00:33:29","modified_gmt":"2020-12-10T06:33:29","slug":"hector-valdez-manipulado-por-marciano-dzul","status":"publish","type":"post","link":"https:\/\/www.diarioimagen.net\/?p=489411","title":{"rendered":"H\u00e9ctor Valdez, manipulado por Marciano Dzul"},"content":{"rendered":"<h2>La Retaguardia<\/h2>\n<h5>Adriana Moreno Cordero<\/h5>\n<p>&nbsp;<\/p>\n<ul>\n<li><strong><em>Claudia Sheinbaum no puede decir \u201cmisi\u00f3n cumplida\u201d<\/em><\/strong><\/li>\n<\/ul>\n<p>&nbsp;<\/p>\n<p>Un distinguido \u201cperiodista\u201d que intent\u00f3 colarse al c\u00edrculo cercano de los \u201cperiodistas\u201d cercanos y aplaudidores del presidente <strong>Andr\u00e9s Manuel L\u00f3pez Obrador<\/strong>, en las conferencias ma\u00f1aneras, tiene cuentas pendientes, ya que el pasado lunes 30 de noviembre,\u00a0<strong>H\u00e9ctor Valdez Hern\u00e1ndez<\/strong>, fue detenido en la Ciudad de M\u00e9xico por el delito de violaci\u00f3n bajo la denuncia CI-FDS\/FDS-6\/UI-FDS-6-02\/01115\/09\/2019. La v\u00edctima\u00a0<strong>T.P.M.,<\/strong>\u00a0de 29 a\u00f1os, fue deliberadamente acosada y violentada sexualmente por quien dice ser periodista y que sin mostrar ni una pizca de remordimiento, se atrevi\u00f3 a amenazar a la v\u00edctima para evitar que hiciera p\u00fablica la denuncia.<\/p>\n<p>H\u00e9ctor Valdez es conocido por ser el principal operador de medios, ni m\u00e1s ni menos que de\u00a0<strong>Marciano Dzul Caamal<\/strong>, quien para mayor referencia, fue alcalde del municipio de Tulum, quien ha financiado y patrocinado directamente las p\u00e1ginas <em>Pulso Tulum<\/em>, <em>Informativo Tulum<\/em>, <em>Quadrat\u00edn<\/em> Quintana Roo y <em>Tulum en Red<\/em>, en las que el periodista, juega el papel de t\u00edtere pagado, d\u00e1ndose rienda suelta para difamar a quienes\u00a0<strong>Marciano Dzul Caamal<\/strong> considera un peligro para sus ambiciones pol\u00edticas, instruy\u00e9ndolo a proporcionar informaci\u00f3n insidiosa y de \u00edndole enga\u00f1osa.<\/p>\n<p>Hace apenas un par de meses, a\u00a0<strong>Marciano Dzul Caamal<\/strong> se le abrieron las puertas de Palacio Nacional, v\u00eda, precisamente,\u00a0<strong>H\u00e9ctor Valdez Hern\u00e1ndez<\/strong>, para que se presentara en la gustad\u00edsima conferencia de prensa \u201cma\u00f1anera\u201d del\u00a0presidente L\u00f3pez Obrador, con la finalidad de aprovechar la atenci\u00f3n que este evento provoca de lunes a viernes. En esa ocasi\u00f3n -seg\u00fan se sabe- y con informaci\u00f3n falsa, denunci\u00f3 ser acosado a causa de su profesi\u00f3n, pero al parecer y contrario a lo que Valdez Hern\u00e1ndez dijo, lo que ha \u00a0quedado claro que quien realmente es un acosador y violador de mujeres es \u00e9l y en este asunto, hay todav\u00eda mucha tela de d\u00f3nde cortar. Seguiremos informando.<\/p>\n<p>Ahora bien, en otro tema totalmente distinto, hoy la Bas\u00edlica de Guadalupe cerrar\u00e1 sus puertas a la feligres\u00eda y se nota la desesperaci\u00f3n que tiene la jefe de Gobierno de la Ciudad de M\u00e9xico, <strong>Claudia Sheinbaum<\/strong>, ante el incremento de hospitalizaciones por Covid-19. Ayer hizo un nuevo y desesperado llamado para posponer las celebraciones decembrinas, pero, \u00bfacaso se le habr\u00e1 olvidado a la funcionaria capitalina que cuando anunci\u00f3 que la celebraci\u00f3n del D\u00eda de la Madre se pospon\u00eda del 10 de mayo, a julio, nadie le hizo caso?, de ah\u00ed su angustia.<\/p>\n<p>La se\u00f1ora Sheinbaum dijo visiblemente desesperada que \u201cs\u00f3lo con la participaci\u00f3n de todos y todas vamos a poder parar la cadena de contagios\u00bb al tiempo que urgi\u00f3 a no salir de casa a menos que sea necesario y en caso de hacerlo usar cubrebocas y mantener la sana distancia, pero ni su jefe, el presidente L\u00f3pez Obrador lo usa, que porque sus doctores no se lo han recomendado, \u00bfqu\u00e9 nos podemos esperar los dem\u00e1s?<\/p>\n<p>La jefa de Gobierno dijo algo que no del todo resulta cierto: \u00abCada vez falta menos, con el esfuerzo que ha hecho el Presidente, por traer la vacuna a M\u00e9xico\u00bb. \u00bfEstar\u00e1 segura de que cada vez falta menos? Ella no puede decir \u201cmisi\u00f3n cumplida\u201d, como hace un par de d\u00edas lo dijo el flamante secretario de Relaciones Exteriores, <strong>Marcelo Ebrard<\/strong>; es evidente que a la funcionaria ya se le sali\u00f3 la situaci\u00f3n de las manos; otro problema que tiene es que la gente, en la capital de la Rep\u00fablica, no ha dejado de salir a las calles a las compras decembrinas o simplemente, a c\u00f3mo est\u00e1 la situaci\u00f3n econ\u00f3mica en el pa\u00eds, s\u00f3lo a mirar.<\/p>\n<p>Un reflejo de esta ca\u00f3tica situaci\u00f3n, se podr\u00e1 ver hoy, en el primer d\u00eda en que el santuario Guadalupano permanecer\u00e1 cerrado. Un escenario un tanto cuanto pesimista, es que se pudieran registrar enfrentamientos entre miembros de la Guardia Nacional, que estar\u00e1n custodiando las inmediaciones de la Bas\u00edlica y feligreses que estar\u00edan dispuestos a todo con tal de llegar a la Bas\u00edlica. Ojal\u00e1 y no.<\/p>\n<p style=\"text-align: center;\"><strong>Municiones<\/strong><\/p>\n<p>*** Qui\u00e9n no recuerda a <strong>Hip\u00f3lito Mora<\/strong> como uno de los l\u00edderes de los grupos de autodefensa en Michoac\u00e1n,\u00a0junto con el fallecido <strong>Jos\u00e9 Manuel Mireles<\/strong>. Pues ahora resulta que el limonero se sum\u00f3 a las filas del Partido Encuentro Solidario porque quiere la gubernatura del estado, que se jugar\u00e1 en 2021. Por lo pronto, Mora tendr\u00eda que enfrentarse a muchos aspirantes de Morena que le tiran a lo mismo, como por ejemplo, los senadores <strong>Crist\u00f3bal Arias<\/strong> y <strong>Blanca Estela Pi\u00f1a Gudi\u00f1o<\/strong>. Como se sabe, esa es la \u00fanica gubernatura que le queda al PRD, con Silvano Aureoles. Mora dijo estar completamente seguro de que su regreso a la pol\u00edtica es para \u201cdarle soluci\u00f3n a todos los problemas que hay en el estado y no las armas\u201d. \u00bfSer\u00e1?<\/p>\n<p>*** Una vez que la controvertida discusi\u00f3n sobre el tan llevado y tra\u00eddo <em>outsourcing<\/em> se dej\u00f3 para mejor ocasi\u00f3n, o sea para el pr\u00f3ximo per\u00edodo ordinario de sesiones, para febrero, porque no hubo acuerdo y el enfrentamiento entre el presidente L\u00f3pez Obrador y la Iniciativa Privada sigue a todo lo que da, la Asociaci\u00f3n de Bancos de M\u00e9xico (ABM) que preside <strong>Luis Ni\u00f1o de Rivera<\/strong>, se\u00f1al\u00f3 que si se proh\u00edbe esta pr\u00e1ctica, entonces, el cr\u00e9dito se ver\u00e1 impactado severamente, ya que se despedir\u00e1 a trabajadores que tienen financiamiento de la banca.<\/p>\n<p>*** Por cierto y sobre ese mismo tema, el coordinador de la bancada del PRI en la C\u00e1mara de Diputados, <strong>Ren\u00e9 Ju\u00e1rez<\/strong>, consider\u00f3 que el <em>outsourcing<\/em>, defintivamente, se tiene que regular y regularse bien, \u201cde eso se trata, no estar en los extremos\u201d y agreg\u00f3 que no hab\u00eda condiciones para sacar en San L\u00e1zaro un tema tan delicado, \u201ca marchas forzadas y sacar una ley regular o mala, mejor esperar unos d\u00edas entonces, en eso estamos\u201d.<\/p>\n<p>*** Con todo y su rifa-no rifa, con la fotograf\u00eda que se tom\u00f3 junto al imponente avi\u00f3n presidencial L\u00f3pez Obrador, donde por cierto se ve\u00eda tan, pero tan diminuto. Con todo y lo que dijo que ni el ex presidente de Estados Unidos, <strong>Barack Obama<\/strong> ten\u00eda ese avi\u00f3n y la promesa de que \u00e9l no se subir\u00eda por nada del mundo al aeronave, al inquilino de Palacio Nacional no le qued\u00f3 m\u00e1s que reconocer que no ha podido vender el TP-01 \u201cJos\u00e9 Mar\u00eda Morelos y Pav\u00f3n\u201d y ante su incapacidad, ahora sale que no se vende \u201cpor extravagante\u201d. S\u00ed, c\u00f3mo no.<\/p>\n<p><u><a href=\"mailto:morcora@gmail.com\" target=\"_blank\" rel=\"noopener noreferrer\"><em>morcora@gmail.com<\/em><\/a><\/u><\/p>\n","protected":false},"excerpt":{"rendered":"<p><span style=\"color: #005497;\"><strong>Adriana Moreno Cordero<\/strong><\/span><\/p>\n","protected":false},"author":3,"featured_media":0,"comment_status":"open","ping_status":"open","sticky":false,"template":"","format":"standard","meta":{"_monsterinsights_skip_tracking":false,"_monsterinsights_sitenote_active":false,"_monsterinsights_sitenote_note":"","_monsterinsights_sitenote_category":0,"footnotes":""},"categories":[69370],"tags":[69369,69368,43674],"class_list":["post-489411","post","type-post","status-publish","format-standard","hentry","category-adriana-moreno-cordero","tag-adriana-moreno-cordero","tag-la-retaguardia","tag-opinion"],"_links":{"self":[{"href":"https:\/\/www.diarioimagen.net\/index.php?rest_route=\/wp\/v2\/posts\/489411","targetHints":{"allow":["GET"]}}],"collection":[{"href":"https:\/\/www.diarioimagen.net\/index.php?rest_route=\/wp\/v2\/posts"}],"about":[{"href":"https:\/\/www.diarioimagen.net\/index.php?rest_route=\/wp\/v2\/types\/post"}],"author":[{"embeddable":true,"href":"https:\/\/www.diarioimagen.net\/index.php?rest_route=\/wp\/v2\/users\/3"}],"replies":[{"embeddable":true,"href":"https:\/\/www.diarioimagen.net\/index.php?rest_route=%2Fwp%2Fv2%2Fcomments&post=489411"}],"version-history":[{"count":0,"href":"https:\/\/www.diarioimagen.net\/index.php?rest_route=\/wp\/v2\/posts\/489411\/revisions"}],"wp:attachment":[{"href":"https:\/\/www.diarioimagen.net\/index.php?rest_route=%2Fwp%2Fv2%2Fmedia&parent=489411"}],"wp:term":[{"taxonomy":"category","embeddable":true,"href":"https:\/\/www.diarioimagen.net\/index.php?rest_route=%2Fwp%2Fv2%2Fcategories&post=489411"},{"taxonomy":"post_tag","embeddable":true,"href":"https:\/\/www.diarioimagen.net\/index.php?rest_route=%2Fwp%2Fv2%2Ftags&post=489411"}],"curies":[{"name":"wp","href":"https:\/\/api.w.org\/{rel}","templated":true}]}}