{"id":489477,"date":"2020-12-11T00:03:12","date_gmt":"2020-12-11T06:03:12","guid":{"rendered":"https:\/\/www.diarioimagen.net\/?p=489477"},"modified":"2020-12-10T22:25:52","modified_gmt":"2020-12-11T04:25:52","slug":"mejoramos-calidad-de-vida-de-familias-de-cuautitlan-sistema-municipal-dif","status":"publish","type":"post","link":"https:\/\/www.diarioimagen.net\/?p=489477","title":{"rendered":"Mejoramos calidad de vida de familias\u00a0de Cuautitl\u00e1n: sistema municipal DIF"},"content":{"rendered":"<p>&nbsp;<\/p>\n<ul>\n<li><em><b>Nuevos espacios de atenci\u00f3n m\u00e9dica y asistencial<\/b><\/em><\/li>\n<\/ul>\n<p>&nbsp;<\/p>\n<div id=\"attachment_489478\" style=\"width: 470px\" class=\"wp-caption aligncenter\"><img loading=\"lazy\" decoding=\"async\" aria-describedby=\"caption-attachment-489478\" class=\"size-full wp-image-489478\" src=\"https:\/\/www.diarioimagen.net\/wp-content\/uploads\/2020\/12\/CAMACHO11-b-POR.jpg\" alt=\"\" width=\"460\" height=\"270\" \/><p id=\"caption-attachment-489478\" class=\"wp-caption-text\">Gracias a las gestiones del DIF local se ha logrado mejorar la vida de las familias cuautitlenses, con la creaci\u00f3n de espacios de atenci\u00f3n m\u00e9dica y asistencial.<\/p><\/div>\n<p>&nbsp;<\/p>\n<p><strong>Cuautitl\u00e1n, Estado de M\u00e9xico<\/strong>.- Como resultado de las gestiones emprendidas por el Sistema Municipal DIF, se ha logrado mejorar la vida de las familias cuautitlenses, a trav\u00e9s de la creaci\u00f3n de nuevos espacios de atenci\u00f3n m\u00e9dica y asistencial, acciones que no se hab\u00edan registrado en los \u00faltimos a\u00f1os, destac\u00f3 la titular del DIF de Cuautitl\u00e1n.<\/p>\n<p>En el resumen de acciones del presente ejercicio anual, se detall\u00f3 que la gesti\u00f3n para la obra de adaptaci\u00f3n y ampliaci\u00f3n de la Unidad de Rehabilitaci\u00f3n e integraci\u00f3n Social, que se ubica en la colonia Nueva Romita, donde se dar\u00e1n servicios a las personas con capacidades diferentes, que comprende una inversi\u00f3n de 6 millones 652 mil pesos del Fondo para la Accesibilidad en el Transporte P\u00fablico para las Personas con Discapacidad.<\/p>\n<p>En la Unidad de Rehabilitaci\u00f3n e Integraci\u00f3n Social se impartieron 937 asesor\u00edas individuales, 173 pl\u00e1ticas de sensibilizaci\u00f3n y prevenci\u00f3n de la discapacidad, adem\u00e1s se logr\u00f3 la incorporaci\u00f3n de 418 personas con discapacidad a los talleres y un total de 16 mil terapias psicol\u00f3gicas, f\u00edsicas ocupacionales, de estimulaci\u00f3n temprana y de lenguaje.<\/p>\n<p>En este informe se destaca que en el centro de Autismo Leo Kanner, \u00fanico en la entidad, se impartieron 2 mil 109 terapias de habilidad socioadaptativas, de motricidad, cognici\u00f3n y lenguaje, as\u00ed como 114 valoraciones neurol\u00f3gicas a la poblaci\u00f3n en general.<\/p>\n<p>Con la puesta en marcha de la Unidad M\u00e9dica del Adulto Mayor del DIF en Hacienda de Cuautitl\u00e1n, se ampl\u00edan los servicios de geriatr\u00eda, gerontolog\u00eda tanatolog\u00eda, odontolog\u00eda, medicina general, terapia de rehabilitaci\u00f3n, podolog\u00eda y psicolog\u00eda, entre otras, a las personas de la tercera edad y el p\u00fablico en general.<\/p>\n<p>Estas acciones se suman a la entrega de apoyos asistenciales a cientos de personas, los servicios m\u00e9dicos y terapias psicol\u00f3gicas otorgadas en las unidades del sistema DIF, por el personal especializado, acciones que contin\u00faan transformando la vida de los cuautitlenses.<span class=\"Apple-converted-space\">\u00a0<\/span><\/p>\n","protected":false},"excerpt":{"rendered":"<p>Como resultado de las gestiones emprendidas por el Sistema Municipal DIF, se ha logrado mejorar la vida de las familias cuautitlenses, a trav\u00e9s de la creaci\u00f3n de nuevos espacios de atenci\u00f3n m\u00e9dica y asistencial, acciones que no se hab\u00edan registrado en los \u00faltimos a\u00f1os, destac\u00f3 la titular del DIF de Cuautitl\u00e1n.<\/p>\n","protected":false},"author":1,"featured_media":489478,"comment_status":"open","ping_status":"open","sticky":false,"template":"","format":"standard","meta":{"_monsterinsights_skip_tracking":false,"_monsterinsights_sitenote_active":false,"_monsterinsights_sitenote_note":"","_monsterinsights_sitenote_category":0,"footnotes":""},"categories":[5],"tags":[681,2954,43675],"class_list":["post-489477","post","type-post","status-publish","format-standard","has-post-thumbnail","hentry","category-estado-de-mexico","tag-cuautitlan","tag-dif","tag-estado-de-mexico"],"_links":{"self":[{"href":"https:\/\/www.diarioimagen.net\/index.php?rest_route=\/wp\/v2\/posts\/489477","targetHints":{"allow":["GET"]}}],"collection":[{"href":"https:\/\/www.diarioimagen.net\/index.php?rest_route=\/wp\/v2\/posts"}],"about":[{"href":"https:\/\/www.diarioimagen.net\/index.php?rest_route=\/wp\/v2\/types\/post"}],"author":[{"embeddable":true,"href":"https:\/\/www.diarioimagen.net\/index.php?rest_route=\/wp\/v2\/users\/1"}],"replies":[{"embeddable":true,"href":"https:\/\/www.diarioimagen.net\/index.php?rest_route=%2Fwp%2Fv2%2Fcomments&post=489477"}],"version-history":[{"count":0,"href":"https:\/\/www.diarioimagen.net\/index.php?rest_route=\/wp\/v2\/posts\/489477\/revisions"}],"wp:featuredmedia":[{"embeddable":true,"href":"https:\/\/www.diarioimagen.net\/index.php?rest_route=\/wp\/v2\/media\/489478"}],"wp:attachment":[{"href":"https:\/\/www.diarioimagen.net\/index.php?rest_route=%2Fwp%2Fv2%2Fmedia&parent=489477"}],"wp:term":[{"taxonomy":"category","embeddable":true,"href":"https:\/\/www.diarioimagen.net\/index.php?rest_route=%2Fwp%2Fv2%2Fcategories&post=489477"},{"taxonomy":"post_tag","embeddable":true,"href":"https:\/\/www.diarioimagen.net\/index.php?rest_route=%2Fwp%2Fv2%2Ftags&post=489477"}],"curies":[{"name":"wp","href":"https:\/\/api.w.org\/{rel}","templated":true}]}}