{"id":489539,"date":"2020-12-11T00:05:49","date_gmt":"2020-12-11T06:05:49","guid":{"rendered":"https:\/\/www.diarioimagen.net\/?p=489539"},"modified":"2020-12-11T03:11:32","modified_gmt":"2020-12-11T09:11:32","slug":"mexico-precompra-35-millones-de-dosis-de-vacuna-china","status":"publish","type":"post","link":"https:\/\/www.diarioimagen.net\/?p=489539","title":{"rendered":"M\u00e9xico precompra 35 millones de dosis de vacuna china"},"content":{"rendered":"<p>&nbsp;<\/p>\n<div id=\"attachment_489601\" style=\"width: 470px\" class=\"wp-caption aligncenter\"><a href=\"https:\/\/www.diarioimagen.net\/?attachment_id=489601\" rel=\"attachment wp-att-489601\"><img loading=\"lazy\" decoding=\"async\" aria-describedby=\"caption-attachment-489601\" class=\"wp-image-489601 size-full\" src=\"https:\/\/www.diarioimagen.net\/wp-content\/uploads\/2020\/12\/cansino.jpg\" alt=\"\" width=\"460\" height=\"270\" \/><\/a><p id=\"caption-attachment-489601\" class=\"wp-caption-text\">El gobierno de la CDMX reforz\u00f3 su campa\u00f1a de prevenci\u00f3n de Covid-19 e invit\u00f3 a la ciudadan\u00eda a que se quede en casa y no haga fiestas, ni reuniones de m\u00e1s de 10 personas.<\/p><\/div>\n<p>&nbsp;<\/p>\n<p>M\u00e9xico, a trav\u00e9s de la Secretar\u00eda de Salud, firm\u00f3 el acuerdo de precompra de 35 millones de dosis de la vacuna CanSinoBIO, que realiza en nuestro pa\u00eds la prueba fase 3, inform\u00f3 el canciller Marcelo Ebrard.<\/p>\n<p>El secretario de Relaciones Exteriores difundi\u00f3 en redes sociales que el secretario de Salud, Jorge Alcocer, firm\u00f3 el acuerdo de precompra de 35 millones de dosis de vacunas.<\/p>\n<p>\u201cEnhorabuena al doctor Jorge Alcocer, Secretario de Salud, a Xuefeng Yu, Presidente de CanSino Biologics Inc. y a Jerome Piguet de LATAM PHARMA por el acuerdo de precompra de 35 millones de dosis de vacunas firmado hoy. M\u00e1s opciones para M\u00e9xico\u201d, escribi\u00f3 el mi\u00e9rcoles Ebrard.<\/p>\n<p>En total, el gobierno mexicano tiene previsto comprar otros lotes de 77.4 millones de vacunas con AstraZeneca y otro tanto de 32 millones con la farmac\u00e9utica rusa Gamaleya Research Institute. M\u00e9xico, el cuarto pa\u00eds en el mundo con m\u00e1s muertes debido al nuevo coronavirus, tiene previsto comenzar su proceso de vacunaci\u00f3n antes de que finalice este a\u00f1o.<\/p>\n","protected":false},"excerpt":{"rendered":"<p>M\u00e9xico, a trav\u00e9s de la Secretar\u00eda de Salud, firm\u00f3 el acuerdo de precompra de 35 millones de dosis de la vacuna CanSinoBIO, que realiza en nuestro pa\u00eds la prueba fase 3, inform\u00f3 el canciller Marcelo Ebrard.<\/p>\n","protected":false},"author":3,"featured_media":489601,"comment_status":"open","ping_status":"open","sticky":false,"template":"","format":"standard","meta":{"_monsterinsights_skip_tracking":false,"_monsterinsights_sitenote_active":false,"_monsterinsights_sitenote_note":"","_monsterinsights_sitenote_category":0,"footnotes":""},"categories":[3],"tags":[1361,90021,44,17623,43673,92057,43692,4713],"class_list":["post-489539","post","type-post","status-publish","format-standard","has-post-thumbnail","hentry","category-nacional","tag-china","tag-covid-19","tag-mexico","tag-millones","tag-nacional","tag-precompra","tag-salud","tag-vacuna"],"_links":{"self":[{"href":"https:\/\/www.diarioimagen.net\/index.php?rest_route=\/wp\/v2\/posts\/489539","targetHints":{"allow":["GET"]}}],"collection":[{"href":"https:\/\/www.diarioimagen.net\/index.php?rest_route=\/wp\/v2\/posts"}],"about":[{"href":"https:\/\/www.diarioimagen.net\/index.php?rest_route=\/wp\/v2\/types\/post"}],"author":[{"embeddable":true,"href":"https:\/\/www.diarioimagen.net\/index.php?rest_route=\/wp\/v2\/users\/3"}],"replies":[{"embeddable":true,"href":"https:\/\/www.diarioimagen.net\/index.php?rest_route=%2Fwp%2Fv2%2Fcomments&post=489539"}],"version-history":[{"count":0,"href":"https:\/\/www.diarioimagen.net\/index.php?rest_route=\/wp\/v2\/posts\/489539\/revisions"}],"wp:featuredmedia":[{"embeddable":true,"href":"https:\/\/www.diarioimagen.net\/index.php?rest_route=\/wp\/v2\/media\/489601"}],"wp:attachment":[{"href":"https:\/\/www.diarioimagen.net\/index.php?rest_route=%2Fwp%2Fv2%2Fmedia&parent=489539"}],"wp:term":[{"taxonomy":"category","embeddable":true,"href":"https:\/\/www.diarioimagen.net\/index.php?rest_route=%2Fwp%2Fv2%2Fcategories&post=489539"},{"taxonomy":"post_tag","embeddable":true,"href":"https:\/\/www.diarioimagen.net\/index.php?rest_route=%2Fwp%2Fv2%2Ftags&post=489539"}],"curies":[{"name":"wp","href":"https:\/\/api.w.org\/{rel}","templated":true}]}}