{"id":489626,"date":"2020-12-14T00:06:30","date_gmt":"2020-12-14T06:06:30","guid":{"rendered":"https:\/\/www.diarioimagen.net\/?p=489626"},"modified":"2020-12-15T00:18:43","modified_gmt":"2020-12-15T06:18:43","slug":"administracion-de-alfredo-barrera-endurece-sanciones-contra-hostigadores-y-acosadores-sexuales","status":"publish","type":"post","link":"https:\/\/www.diarioimagen.net\/?p=489626","title":{"rendered":"Administraci\u00f3n del rector Alfredo Barrera endurece sanciones contra hostigadores y acosadores sexuales"},"content":{"rendered":"<p>&nbsp;<\/p>\n<ul>\n<li><em><strong>En sesi\u00f3n extraordinaria, el H. Consejo Universitario de la UAEM aprob\u00f3 por unanimidad la reforma al Estatuto Universitario para reforzar la prevenci\u00f3n, atenci\u00f3n y sanci\u00f3n de cualquier tipo de violencia, particularmente contra las mujeres<\/strong><\/em><\/li>\n<\/ul>\n<p>&nbsp;<\/p>\n<div id=\"attachment_489627\" style=\"width: 470px\" class=\"wp-caption aligncenter\"><a href=\"https:\/\/www.diarioimagen.net\/?attachment_id=489627\" rel=\"attachment wp-att-489627\"><img loading=\"lazy\" decoding=\"async\" aria-describedby=\"caption-attachment-489627\" class=\"wp-image-489627 size-full\" src=\"https:\/\/www.diarioimagen.net\/wp-content\/uploads\/2020\/12\/uaem-2.jpg\" alt=\"\" width=\"460\" height=\"270\" \/><\/a><p id=\"caption-attachment-489627\" class=\"wp-caption-text\">El rector de la UAEM, Alfredo Barrera Baca. sostuvo que esta reforma es la respuesta m\u00e1s comprometida a las expresiones, se\u00f1alamientos y demandas de los colectivos feministas y alumnos paristas.<\/p><\/div>\n<p><strong>Toluca, Estado de M\u00e9xico.\u2013<\/strong> Comprometida con la comunidad universitaria, la Administraci\u00f3n 2017-2021 de la Universidad Aut\u00f3noma del Estado de M\u00e9xico responde de forma contundente a las leg\u00edtimas exigencias de los colectivos feministas e impuls\u00f3 la reforma al Estatuto Universitario, con el prop\u00f3sito de reforzar la prevenci\u00f3n, atenci\u00f3n y sanci\u00f3n de cualquier tipo de violencia, particularmente contra las mujeres, asever\u00f3 el rector Alfredo Barrera Baca.<\/p>\n<p>Al presidir la sesi\u00f3n extraordinaria del H. Consejo Universitario, en la que se aprob\u00f3 por unanimidad dicha reforma, el rector puntualiz\u00f3 que de esta manera se asegura un marco jur\u00eddico que responda al contexto actual y garantice la sanci\u00f3n y destituci\u00f3n de acosadores y hostigadores sexuales.<\/p>\n<p>Ante los integrantes del m\u00e1ximo \u00f3rgano de gobierno de la instituci\u00f3n, Barrera Baca sostuvo que esta reforma es la respuesta m\u00e1s comprometida a las expresiones, se\u00f1alamientos y demandas de los colectivos feministas y alumnos paristas, que a trav\u00e9s de pliegos petitorios y tendederos de denuncias manifestaron su inconformidad, hartazgo y rechazo a la violencia contra las mujeres.<\/p>\n<p>Subray\u00f3 que el motivo principal de las reformas y adiciones a los t\u00edtulos primero, segundo y tercero del Estatuto Universitario es comprometer a la comunidad auriverde a contener y abatir la violencia de g\u00e9nero, comprometer a cada universitario a construir una cultura de paz y justicia.<\/p>\n<p>Entre las reformas destacan la creaci\u00f3n del art\u00edculo 43 Bis. en el t\u00edtulo segundo del Cap\u00edtulo VII, referente a se\u00f1alar con precisi\u00f3n las faltas a la responsabilidad universitaria para el alumnado y personal acad\u00e9mico como son: acoso sexual, hostigamiento sexual, bullying, ciberbullying, cosificaci\u00f3n, mobbing, violencia de g\u00e9nero, violencia digital, violencia f\u00edsica, violencia psicol\u00f3gica, violencia sexual, discriminaci\u00f3n por cualquier motivo, robo y maltrato.<\/p>\n<p>Asimismo, introducir, portar o consumir bebidas alcoh\u00f3licas, narc\u00f3ticos, enervantes o cualquier otra sustancia no autorizada en las instalaciones universitarias, tratos inhumanos, crueles o degradantes, coartar la libertad de expresi\u00f3n, uso indebido de datos personales y cualquier otra conducta que vulnere derechos humanos y universitarios.<\/p>\n<p>En el art\u00edculo 47, que se\u00f1ala las sanciones impuestas al personal acad\u00e9mico, destacan la adici\u00f3n de la inhabilitaci\u00f3n definitiva y la destituci\u00f3n. Se prev\u00e9 que de incurrir en las faltas se\u00f1aladas en el art. 43 Bis. ser\u00e1n consideradas como graves y el personal acad\u00e9mico que sea destituido de su cargo estar\u00e1 inhabilitado de forma permanente para desempe\u00f1ar cualquier trabajo acad\u00e9mico o administrativo en la UAEM.<\/p>\n<p>Al respecto, el consejero alumno del Plantel \u201cNezahualc\u00f3yotl\u201d de la Escuela Preparatoria de la UAEM, Carlos Ba\u00f1ales Rodr\u00edguez, manifest\u00f3 que la reforma responde a las demandas en materia de g\u00e9nero y otorga certeza jur\u00eddica a los universitarios para una vida libre de violencia.<\/p>\n<p>En tanto, en alumno de la Facultad de Derecho, Luis Roberto Mancilla Uriostegui, se\u00f1al\u00f3 que los nuevos elementos sancionadores permiten una mayor fuerza a la reglamentaci\u00f3n existente y el director de este mismo espacio acad\u00e9mico, Jos\u00e9 Dolores Alan\u00eds Tavira, destac\u00f3 que la instituci\u00f3n impulsa una legislaci\u00f3n vanguardista, acorde a las necesidades actuales y que prev\u00e9 sanciones y procedimientos adecuados frente a conductas que vulneren los derechos de los universitarios.<\/p>\n","protected":false},"excerpt":{"rendered":"<p>Comprometida con la comunidad universitaria, la Administraci\u00f3n 2017-2021 de la Universidad Aut\u00f3noma del Estado de M\u00e9xico responde de forma contundente a las leg\u00edtimas exigencias de los colectivos feministas e impuls\u00f3 la reforma al Estatuto Universitario, con el prop\u00f3sito de reforzar la prevenci\u00f3n, atenci\u00f3n y sanci\u00f3n de cualquier tipo de violencia, particularmente contra las mujeres, asever\u00f3 el rector Alfredo Barrera Baca<\/p>\n","protected":false},"author":1,"featured_media":489627,"comment_status":"open","ping_status":"open","sticky":false,"template":"","format":"standard","meta":{"_monsterinsights_skip_tracking":false,"_monsterinsights_sitenote_active":false,"_monsterinsights_sitenote_note":"","_monsterinsights_sitenote_category":0,"footnotes":""},"categories":[5],"tags":[91028,22514,92058,1491],"class_list":["post-489626","post","type-post","status-publish","format-standard","has-post-thumbnail","hentry","category-estado-de-mexico","tag-alfredo-barrera","tag-feminicidio","tag-hostigamiento","tag-uaem"],"_links":{"self":[{"href":"https:\/\/www.diarioimagen.net\/index.php?rest_route=\/wp\/v2\/posts\/489626","targetHints":{"allow":["GET"]}}],"collection":[{"href":"https:\/\/www.diarioimagen.net\/index.php?rest_route=\/wp\/v2\/posts"}],"about":[{"href":"https:\/\/www.diarioimagen.net\/index.php?rest_route=\/wp\/v2\/types\/post"}],"author":[{"embeddable":true,"href":"https:\/\/www.diarioimagen.net\/index.php?rest_route=\/wp\/v2\/users\/1"}],"replies":[{"embeddable":true,"href":"https:\/\/www.diarioimagen.net\/index.php?rest_route=%2Fwp%2Fv2%2Fcomments&post=489626"}],"version-history":[{"count":0,"href":"https:\/\/www.diarioimagen.net\/index.php?rest_route=\/wp\/v2\/posts\/489626\/revisions"}],"wp:featuredmedia":[{"embeddable":true,"href":"https:\/\/www.diarioimagen.net\/index.php?rest_route=\/wp\/v2\/media\/489627"}],"wp:attachment":[{"href":"https:\/\/www.diarioimagen.net\/index.php?rest_route=%2Fwp%2Fv2%2Fmedia&parent=489626"}],"wp:term":[{"taxonomy":"category","embeddable":true,"href":"https:\/\/www.diarioimagen.net\/index.php?rest_route=%2Fwp%2Fv2%2Fcategories&post=489626"},{"taxonomy":"post_tag","embeddable":true,"href":"https:\/\/www.diarioimagen.net\/index.php?rest_route=%2Fwp%2Fv2%2Ftags&post=489626"}],"curies":[{"name":"wp","href":"https:\/\/api.w.org\/{rel}","templated":true}]}}