{"id":489761,"date":"2020-12-15T00:01:46","date_gmt":"2020-12-15T06:01:46","guid":{"rendered":"https:\/\/www.diarioimagen.net\/?p=489761"},"modified":"2020-12-15T00:34:09","modified_gmt":"2020-12-15T06:34:09","slug":"huixquilucan-aplicara-nuevas-medidas-por-coronavirus","status":"publish","type":"post","link":"https:\/\/www.diarioimagen.net\/?p=489761","title":{"rendered":"Huixquilucan aplicar\u00e1 nuevas medidas por coronavirus"},"content":{"rendered":"<p>&nbsp;<\/p>\n<p><img loading=\"lazy\" decoding=\"async\" class=\"aligncenter wp-image-489762\" src=\"https:\/\/www.diarioimagen.net\/wp-content\/uploads\/2020\/12\/CAMACHO15-dPOR.jpg\" alt=\"\" width=\"400\" height=\"533\" \/><\/p>\n<p>&nbsp;<\/p>\n<p><strong>Huixquilucan, Estado de M\u00e9xico<\/strong><b>.-<\/b> Desde el lunes 14 de diciembre, el gobierno municipal de Huixquilucan, encabezado por Enrique Vargas del Villar, aplica las medidas de prevenci\u00f3n impulsadas por el gobierno estatal por lo que todas las actividades no esenciales deben cerrar a las 5 de la tarde.<\/p>\n<p>Luego de que el GEM anunciar\u00e1 un importante repunte en contagios y hospitalizados en la entidad, el Alcalde reiter\u00f3 que lo m\u00e1s importante es la salud de los huixquiluquenses, por lo que se implementar\u00e1n operativos para vigilar el cumplimiento de las medidas de prevenci\u00f3n.<\/p>\n","protected":false},"excerpt":{"rendered":"<p>Desde el lunes 14 de diciembre, el gobierno municipal de Huixquilucan, encabezado por Enrique Vargas del Villar, aplica las medidas de prevenci\u00f3n impulsadas por el gobierno estatal por lo que todas las actividades no esenciales deben cerrar a las 5 de la tarde.<\/p>\n","protected":false},"author":1,"featured_media":489763,"comment_status":"open","ping_status":"open","sticky":false,"template":"","format":"standard","meta":{"_monsterinsights_skip_tracking":false,"_monsterinsights_sitenote_active":false,"_monsterinsights_sitenote_note":"","_monsterinsights_sitenote_category":0,"footnotes":""},"categories":[5],"tags":[43675,1097],"class_list":["post-489761","post","type-post","status-publish","format-standard","has-post-thumbnail","hentry","category-estado-de-mexico","tag-estado-de-mexico","tag-huixquilucan"],"_links":{"self":[{"href":"https:\/\/www.diarioimagen.net\/index.php?rest_route=\/wp\/v2\/posts\/489761","targetHints":{"allow":["GET"]}}],"collection":[{"href":"https:\/\/www.diarioimagen.net\/index.php?rest_route=\/wp\/v2\/posts"}],"about":[{"href":"https:\/\/www.diarioimagen.net\/index.php?rest_route=\/wp\/v2\/types\/post"}],"author":[{"embeddable":true,"href":"https:\/\/www.diarioimagen.net\/index.php?rest_route=\/wp\/v2\/users\/1"}],"replies":[{"embeddable":true,"href":"https:\/\/www.diarioimagen.net\/index.php?rest_route=%2Fwp%2Fv2%2Fcomments&post=489761"}],"version-history":[{"count":0,"href":"https:\/\/www.diarioimagen.net\/index.php?rest_route=\/wp\/v2\/posts\/489761\/revisions"}],"wp:featuredmedia":[{"embeddable":true,"href":"https:\/\/www.diarioimagen.net\/index.php?rest_route=\/wp\/v2\/media\/489763"}],"wp:attachment":[{"href":"https:\/\/www.diarioimagen.net\/index.php?rest_route=%2Fwp%2Fv2%2Fmedia&parent=489761"}],"wp:term":[{"taxonomy":"category","embeddable":true,"href":"https:\/\/www.diarioimagen.net\/index.php?rest_route=%2Fwp%2Fv2%2Fcategories&post=489761"},{"taxonomy":"post_tag","embeddable":true,"href":"https:\/\/www.diarioimagen.net\/index.php?rest_route=%2Fwp%2Fv2%2Ftags&post=489761"}],"curies":[{"name":"wp","href":"https:\/\/api.w.org\/{rel}","templated":true}]}}