{"id":489840,"date":"2020-12-15T00:05:42","date_gmt":"2020-12-15T06:05:42","guid":{"rendered":"https:\/\/www.diarioimagen.net\/?p=489840"},"modified":"2020-12-15T05:15:20","modified_gmt":"2020-12-15T11:15:20","slug":"en-cinco-u-ocho-dias-llegaria-la-vacuna-de-pfizer-a-mexico","status":"publish","type":"post","link":"https:\/\/www.diarioimagen.net\/?p=489840","title":{"rendered":"En cinco u ocho d\u00edas llegar\u00eda la vacuna de Pfizer a M\u00e9xico"},"content":{"rendered":"<p>&nbsp;<\/p>\n<h3 style=\"text-align: center;\">Anuncia la SRE pedido formal<\/h3>\n<p>&nbsp;<\/p>\n<ul>\n<li><strong><em>Las primeras dosis para nuestro pa\u00eds proceder\u00e1n de B\u00e9lgica, no de Estados Unidos<\/em><\/strong><\/li>\n<\/ul>\n<p>&nbsp;<\/p>\n<div id=\"attachment_489908\" style=\"width: 470px\" class=\"wp-caption aligncenter\"><a href=\"https:\/\/www.diarioimagen.net\/?attachment_id=489908\" rel=\"attachment wp-att-489908\"><img loading=\"lazy\" decoding=\"async\" aria-describedby=\"caption-attachment-489908\" class=\"size-full wp-image-489908\" src=\"https:\/\/www.diarioimagen.net\/wp-content\/uploads\/2020\/12\/VACUNA-CANADA.jpg\" alt=\"\" width=\"460\" height=\"270\" \/><\/a><p id=\"caption-attachment-489908\" class=\"wp-caption-text\">Las primeras vacunas de Pfizer que llegar\u00e1n a M\u00e9xico proceder\u00e1n de B\u00e9lgica, no de Estados Unidos.<\/p><\/div>\n<p>&nbsp;<\/p>\n<p>La subsecretaria para Asuntos Multilaterales de la Secretar\u00eda de Relaciones Exteriores (SRE), Martha Delgado, inform\u00f3 que M\u00e9xico realizar\u00eda ya el pedido formal de la vacuna contra Covid-19 de Pfizer, por lo que se espera que lleal pa\u00eds entre cinco y ocho d\u00edas.<\/p>\n<p>A\u00f1adi\u00f3 que la vacuna de la farmac\u00e9utica estadunidense, de la que M\u00e9xico adquiri\u00f3 34.4 millones de dosis y que el viernes fue autorizada por la Comisi\u00f3n Federal para la Protecci\u00f3n contra Riesgos Sanitarios (Cofepris), ser\u00e1 entregada por la empresa en los puntos de vacunaci\u00f3n con apoyo log\u00edstico y de seguridad de las fuerzas armadas.<\/p>\n<p>\u201cPara que pueda darse la vacunaci\u00f3n en M\u00e9xico necesitamos hacer nuestro pedido. En eso est\u00e1 la Secretar\u00eda de Salud el d\u00eda de hoy. Se hace el pedido y, seg\u00fan nuestro contrato, en un lapso semejante a cinco-ocho d\u00edas podemos tenerla aqu\u00ed\u201d, afirm\u00f3.<\/p>\n<p>La vacuna de Pfizer, desarrollada junto con la firma alemana BioNTech, fue autorizada en Estados Unidos por la Administraci\u00f3n de Alimentos y F\u00e1rmacos (FDA, por sus siglas en ingl\u00e9s) y comenz\u00f3 a ser distribuida internamente durante el fin de semana por orden del presidente Donald Trump.<\/p>\n<p>Sobre una instrucci\u00f3n previa de Donald Trump para priorizar la entrega del f\u00e1rmaco en su pa\u00eds antes de que se exporte a otros destinos, Martha Delgado aclar\u00f3 que las primeras vacunas que llegar\u00e1n en diciembre y enero a M\u00e9xico proceder\u00e1n de B\u00e9lgica, no de Estados Unidos. Sin embargo, reconoci\u00f3 que la orden del presidente estadunidense podr\u00eda tener alguna consecuencia para el pa\u00eds, \u201ccreo que quiz\u00e1s pudiera afectar las siguientes entregas (que) vinieran de Estados Unidos\u201d.<\/p>\n<p>El presidente Andr\u00e9s Manuel L\u00f3pez Obrador inst\u00f3 a los fabricantes de la vacuna a cumplir en tiempo y forma sus compromisos con el gobierno. Adem\u00e1s de Pfizer, M\u00e9xico tiene acuerdos con la china Cansino Biologics y la brit\u00e1nica AstraZeneca.<\/p>\n<p>\u201cNosotros, con tiempo, reservamos, hicimos convenios; ahora lo que queremos es que nos cumplan con los convenios\u201d, dijo.<\/p>\n<p>M\u00e9xico es el cuarto pa\u00eds con m\u00e1s muertes ligadas al covid-19, casi 114 mil, y sufre actualmente un repunte de contagios, sobre todo en la Ciudad de M\u00e9xico.<\/p>\n","protected":false},"excerpt":{"rendered":"<p>La subsecretaria para Asuntos Multilaterales de la Secretar\u00eda de Relaciones Exteriores (SRE), Martha Delgado, inform\u00f3 que M\u00e9xico realizar\u00eda ya el pedido formal de la vacuna contra Covid-19 de Pfizer, por lo que se espera que llegue al pa\u00eds entre cinco y ocho d\u00edas.<\/p>\n","protected":false},"author":3,"featured_media":489908,"comment_status":"open","ping_status":"open","sticky":false,"template":"","format":"standard","meta":{"_monsterinsights_skip_tracking":false,"_monsterinsights_sitenote_active":false,"_monsterinsights_sitenote_note":"","_monsterinsights_sitenote_category":0,"footnotes":""},"categories":[3],"tags":[90021,43692,441,880,4713],"class_list":["post-489840","post","type-post","status-publish","format-standard","has-post-thumbnail","hentry","category-nacional","tag-covid-19","tag-salud","tag-secretaria-de-relaciones-exteriores","tag-sre","tag-vacuna"],"_links":{"self":[{"href":"https:\/\/www.diarioimagen.net\/index.php?rest_route=\/wp\/v2\/posts\/489840","targetHints":{"allow":["GET"]}}],"collection":[{"href":"https:\/\/www.diarioimagen.net\/index.php?rest_route=\/wp\/v2\/posts"}],"about":[{"href":"https:\/\/www.diarioimagen.net\/index.php?rest_route=\/wp\/v2\/types\/post"}],"author":[{"embeddable":true,"href":"https:\/\/www.diarioimagen.net\/index.php?rest_route=\/wp\/v2\/users\/3"}],"replies":[{"embeddable":true,"href":"https:\/\/www.diarioimagen.net\/index.php?rest_route=%2Fwp%2Fv2%2Fcomments&post=489840"}],"version-history":[{"count":0,"href":"https:\/\/www.diarioimagen.net\/index.php?rest_route=\/wp\/v2\/posts\/489840\/revisions"}],"wp:featuredmedia":[{"embeddable":true,"href":"https:\/\/www.diarioimagen.net\/index.php?rest_route=\/wp\/v2\/media\/489908"}],"wp:attachment":[{"href":"https:\/\/www.diarioimagen.net\/index.php?rest_route=%2Fwp%2Fv2%2Fmedia&parent=489840"}],"wp:term":[{"taxonomy":"category","embeddable":true,"href":"https:\/\/www.diarioimagen.net\/index.php?rest_route=%2Fwp%2Fv2%2Fcategories&post=489840"},{"taxonomy":"post_tag","embeddable":true,"href":"https:\/\/www.diarioimagen.net\/index.php?rest_route=%2Fwp%2Fv2%2Ftags&post=489840"}],"curies":[{"name":"wp","href":"https:\/\/api.w.org\/{rel}","templated":true}]}}