{"id":489913,"date":"2020-12-16T00:01:34","date_gmt":"2020-12-16T06:01:34","guid":{"rendered":"https:\/\/www.diarioimagen.net\/?p=489913"},"modified":"2020-12-15T22:29:30","modified_gmt":"2020-12-16T04:29:30","slug":"raciel-perez-nombro-a-mauricio-juan-ramirez-encargado-de-despacho-de-la-direccion-general-del-opdm","status":"publish","type":"post","link":"https:\/\/www.diarioimagen.net\/?p=489913","title":{"rendered":"Raciel P\u00e9rez nombr\u00f3 a Mauricio Juan Ram\u00edrez encargado de despacho de la Direcci\u00f3n General del OPDM\u00a0"},"content":{"rendered":"<p>&nbsp;<\/p>\n<p><img loading=\"lazy\" decoding=\"async\" class=\"aligncenter size-full wp-image-489914\" src=\"https:\/\/www.diarioimagen.net\/wp-content\/uploads\/2020\/12\/CAMACHO16-dPOR.jpg\" alt=\"\" width=\"460\" height=\"270\" \/><\/p>\n<p>&nbsp;<\/p>\n<p><strong>Tlalnepantla, Estado de M\u00e9xico<\/strong><b>.\u2013<\/b> El presidente municipal Raciel P\u00e9rez Cruz nombr\u00f3 al ingeniero Mauricio Juan Ram\u00edrez Rosaldo como encargado de despacho de la Direcci\u00f3n General del Organismo P\u00fablico Descentralizado para la Prestaci\u00f3n de los Servicios de Agua Potable, Alcantarillado y Saneamiento del Municipio de Tlalnepantla.<\/p>\n","protected":false},"excerpt":{"rendered":"<p>El presidente municipal Raciel P\u00e9rez Cruz nombr\u00f3 al ingeniero Mauricio Juan Ram\u00edrez Rosaldo como encargado de despacho de la Direcci\u00f3n General del Organismo P\u00fablico Descentralizado para la Prestaci\u00f3n de los Servicios de Agua Potable, Alcantarillado y Saneamiento del Municipio de Tlalnepantla.<\/p>\n","protected":false},"author":1,"featured_media":489914,"comment_status":"open","ping_status":"open","sticky":false,"template":"","format":"standard","meta":{"_monsterinsights_skip_tracking":false,"_monsterinsights_sitenote_active":false,"_monsterinsights_sitenote_note":"","_monsterinsights_sitenote_category":0,"footnotes":""},"categories":[5],"tags":[43675,169],"class_list":["post-489913","post","type-post","status-publish","format-standard","has-post-thumbnail","hentry","category-estado-de-mexico","tag-estado-de-mexico","tag-tlalnepantla"],"_links":{"self":[{"href":"https:\/\/www.diarioimagen.net\/index.php?rest_route=\/wp\/v2\/posts\/489913","targetHints":{"allow":["GET"]}}],"collection":[{"href":"https:\/\/www.diarioimagen.net\/index.php?rest_route=\/wp\/v2\/posts"}],"about":[{"href":"https:\/\/www.diarioimagen.net\/index.php?rest_route=\/wp\/v2\/types\/post"}],"author":[{"embeddable":true,"href":"https:\/\/www.diarioimagen.net\/index.php?rest_route=\/wp\/v2\/users\/1"}],"replies":[{"embeddable":true,"href":"https:\/\/www.diarioimagen.net\/index.php?rest_route=%2Fwp%2Fv2%2Fcomments&post=489913"}],"version-history":[{"count":0,"href":"https:\/\/www.diarioimagen.net\/index.php?rest_route=\/wp\/v2\/posts\/489913\/revisions"}],"wp:featuredmedia":[{"embeddable":true,"href":"https:\/\/www.diarioimagen.net\/index.php?rest_route=\/wp\/v2\/media\/489914"}],"wp:attachment":[{"href":"https:\/\/www.diarioimagen.net\/index.php?rest_route=%2Fwp%2Fv2%2Fmedia&parent=489913"}],"wp:term":[{"taxonomy":"category","embeddable":true,"href":"https:\/\/www.diarioimagen.net\/index.php?rest_route=%2Fwp%2Fv2%2Fcategories&post=489913"},{"taxonomy":"post_tag","embeddable":true,"href":"https:\/\/www.diarioimagen.net\/index.php?rest_route=%2Fwp%2Fv2%2Ftags&post=489913"}],"curies":[{"name":"wp","href":"https:\/\/api.w.org\/{rel}","templated":true}]}}