{"id":489916,"date":"2020-12-16T00:03:01","date_gmt":"2020-12-16T06:03:01","guid":{"rendered":"https:\/\/www.diarioimagen.net\/?p=489916"},"modified":"2020-12-15T22:26:53","modified_gmt":"2020-12-16T04:26:53","slug":"instala-tultepec-comision-para-festejos-de-bicentenario-como-municipio-en-2021","status":"publish","type":"post","link":"https:\/\/www.diarioimagen.net\/?p=489916","title":{"rendered":"Instala Tultepec comisi\u00f3n para festejos\u00a0de bicentenario como municipio, en 2021"},"content":{"rendered":"<p>&nbsp;<\/p>\n<ul>\n<li><em><b>La integran sociedad civil y servidores p\u00fablicos<\/b><\/em><\/li>\n<\/ul>\n<p>&nbsp;<\/p>\n<div id=\"attachment_489917\" style=\"width: 470px\" class=\"wp-caption aligncenter\"><img loading=\"lazy\" decoding=\"async\" aria-describedby=\"caption-attachment-489917\" class=\"size-full wp-image-489917\" src=\"https:\/\/www.diarioimagen.net\/wp-content\/uploads\/2020\/12\/CAMACHO16-cPOR.jpg\" alt=\"\" width=\"460\" height=\"270\" \/><p id=\"caption-attachment-489917\" class=\"wp-caption-text\">Integran comisi\u00f3n especial para la organizaci\u00f3n de los festejos conmemorativos del\u00a0Bicentenario\u00a0de Tultepec como municipio, mismos que inician\u00a0el 13 de enero.<\/p><\/div>\n<p>&nbsp;<\/p>\n<p><strong>Tultepec, Estado de M\u00e9xico.-<\/strong> Con la participaci\u00f3n de integrantes de la sociedad civil y servidores p\u00fablicos, qued\u00f3 integrada una comisi\u00f3n especial para la organizaci\u00f3n de los festejos conmemorativos del Bicentenario de Tultepec 1821-2021 como municipio, mismos que inician el 13 de enero pr\u00f3ximo y se llevar\u00e1n a cabo pr\u00e1cticamente durante todo el a\u00f1o.<\/p>\n<p>Durante la ceremonia protocolaria que encabezar\u00e1 el alcalde Marco Antonio Cruz Cruz el 13 de enero de 2021, habr\u00e1 una rese\u00f1a hist\u00f3rica y se entregar\u00e1 la\u00a0Presea Bicentenario Municipal\u00a0a personajes destacados en rubros como educaci\u00f3n, m\u00fasica, artes pl\u00e1sticas, pirotecnia, danza, deporte y servicio p\u00fablico y gesti\u00f3n cultural.<\/p>\n<p>Como parte de la celebraci\u00f3n, durante el evento habr\u00e1 participaciones art\u00edsticas de m\u00fasica y danza, y posteriormente se develar\u00e1 una placa conmemorativa en el Palacio Municipal enmarcada de un piromusical con temas de la autor\u00eda de m\u00fasicos tultepequenses. Al t\u00e9rmino de la ceremonia ser\u00e1 inaugurada una exposici\u00f3n fotogr\u00e1fica denominada: Dos siglos de vida municipal.<\/p>\n<p>El gobierno municipal trabaja a marchas forzadas para que en el marco de esta celebraci\u00f3n se inauguren importantes obras p\u00fablicas conmemorativas del Bicentenario, contempladas en su momento por el entonces alcalde Armando Portuguez Fuentes, tales como la Cl\u00ednica DIF Insurgentes en la colonia El Mirador y el Edificio Anexo a la Presidencia Municipal, ubicado en la calle Mariano Escobedo, atr\u00e1s del actual Palacio Municipal.<\/p>\n<p>De igual forma, ser\u00e1 develado un mural del quehacer festivo y cultural de Tultepec, en el que participaron los connotados artistas locales Albino Luna S\u00e1nchez, Agust\u00edn Cervantes M\u00e1rquez, Roque Solano Reyes y \u00c1ngel Solano; se realizar\u00e1 la ampliaci\u00f3n del Museo del Mamut y el Museo Nacional de la Pirotecnia.<\/p>\n<p>Con este motivo tambi\u00e9n se instalar\u00e1n c\u00e9dulas informativas en los Barrios originarios de la Cabecera Municipal tales como: Xocotla, Nepantla, Calvario, Tlazintla, Ixtlahuaca y Arriba, mientras que en Teyahualco: Tecompa, Colosintla y Jajalpa; los cuales incluir\u00e1n el top\u00f3nimo, significado y datos de personajes y sucesos importantes del Barrio.<\/p>\n<p>Como parte de los s\u00edmbolos que dan identidad a nuestro municipio, ser\u00e1 formalizado el Himno de Tultepec en el Bando Municipal y est\u00e1n programadas una serie de conferencias quincenales a partir de la segunda quincena de enero entre las que destacan\u00a0Nuestro Pasado Milenario, Historia de la Radio en M\u00e9xico, Sitios Arqueol\u00f3gicos de La Loma Tultepec, Importancia de los Top\u00f3nimos, Los Temascales de Tultepec, Legado Gastron\u00f3mico del M\u00e9xico Antiguo, Un Mapa Antiguo de Tultepec (1570), Una Rebeli\u00f3n Ind\u00edgena en San Miguel Tultepec, Ayuntamientos Constitucionales, Fiestas y Mayordom\u00edas, Apuntes sobre Pirotecnia y El Ferrocarril de Cuautitl\u00e1n.<\/p>\n<p>Entre los ponentes se encuentran connotados profesionales en sus respectivas \u00e1reas tales como los Arque\u00f3logos Luis C\u00f3rdova Barradas y Jos\u00e9 Hern\u00e1ndez Romero, el Maestro Gilberto Vargas Arana, la Historiadora Juana Antonieta Z\u00fa\u00f1iga Urb\u00e1n, Dr. Delfino Sandoval Noguez, Maestra en Ciencias Claudia Carranza L\u00f3pez, Lic. Enrique Carranza L\u00f3pez, Dr. Roberto S\u00e1nchez S\u00e1nchez y los profesores Milton Silva Cedillo, Jorge Rodr\u00edguez Fragoso y Luis Salas Villamil.<\/p>\n<p>En materia musical tambi\u00e9n habr\u00e1 un programa de conciertos y recitales en diferentes escenarios de todo el territorio municipal, as\u00ed como la develaci\u00f3n de una placa en la casa que habit\u00f3 Francisco Gabilondo Soler (Cri-Cri) y un concierto alusivo en su honor.<\/p>\n<p>Como colof\u00f3n del\u00a0Bicentenario de Tultepec 1821-2021\u00a0como municipio, tambi\u00e9n habr\u00e1 una serie de publicaciones conmemorativas como es el caso de un\u00a0Compendio Municipal, Resultados de los Proyectos Tultepec I y II, reedici\u00f3n del texto:\u00a0Tradici\u00f3n y Expresi\u00f3n Musical de un Pueblo, Tultepec y Primeros Libros de Cabildo 1870-1871.<\/p>\n","protected":false},"excerpt":{"rendered":"<p>Con la participaci\u00f3n de integrantes de la sociedad civil y servidores p\u00fablicos, qued\u00f3 integrada una comisi\u00f3n especial para la organizaci\u00f3n de los festejos conmemorativos del\u00a0Bicentenario de Tultepec 1821-2021\u00a0como municipio, mismos que inician el 13 de enero pr\u00f3ximo y se llevar\u00e1n a cabo pr\u00e1cticamente durante todo el a\u00f1o.\u00a0<\/p>\n","protected":false},"author":1,"featured_media":489917,"comment_status":"open","ping_status":"open","sticky":false,"template":"","format":"standard","meta":{"_monsterinsights_skip_tracking":false,"_monsterinsights_sitenote_active":false,"_monsterinsights_sitenote_note":"","_monsterinsights_sitenote_category":0,"footnotes":""},"categories":[5],"tags":[43675,3802],"class_list":["post-489916","post","type-post","status-publish","format-standard","has-post-thumbnail","hentry","category-estado-de-mexico","tag-estado-de-mexico","tag-tultepec"],"_links":{"self":[{"href":"https:\/\/www.diarioimagen.net\/index.php?rest_route=\/wp\/v2\/posts\/489916","targetHints":{"allow":["GET"]}}],"collection":[{"href":"https:\/\/www.diarioimagen.net\/index.php?rest_route=\/wp\/v2\/posts"}],"about":[{"href":"https:\/\/www.diarioimagen.net\/index.php?rest_route=\/wp\/v2\/types\/post"}],"author":[{"embeddable":true,"href":"https:\/\/www.diarioimagen.net\/index.php?rest_route=\/wp\/v2\/users\/1"}],"replies":[{"embeddable":true,"href":"https:\/\/www.diarioimagen.net\/index.php?rest_route=%2Fwp%2Fv2%2Fcomments&post=489916"}],"version-history":[{"count":0,"href":"https:\/\/www.diarioimagen.net\/index.php?rest_route=\/wp\/v2\/posts\/489916\/revisions"}],"wp:featuredmedia":[{"embeddable":true,"href":"https:\/\/www.diarioimagen.net\/index.php?rest_route=\/wp\/v2\/media\/489917"}],"wp:attachment":[{"href":"https:\/\/www.diarioimagen.net\/index.php?rest_route=%2Fwp%2Fv2%2Fmedia&parent=489916"}],"wp:term":[{"taxonomy":"category","embeddable":true,"href":"https:\/\/www.diarioimagen.net\/index.php?rest_route=%2Fwp%2Fv2%2Fcategories&post=489916"},{"taxonomy":"post_tag","embeddable":true,"href":"https:\/\/www.diarioimagen.net\/index.php?rest_route=%2Fwp%2Fv2%2Ftags&post=489916"}],"curies":[{"name":"wp","href":"https:\/\/api.w.org\/{rel}","templated":true}]}}