{"id":489922,"date":"2020-12-16T00:02:18","date_gmt":"2020-12-16T06:02:18","guid":{"rendered":"https:\/\/www.diarioimagen.net\/?p=489922"},"modified":"2020-12-15T22:28:39","modified_gmt":"2020-12-16T04:28:39","slug":"inicia-el-operativo-invierno-2020-en-huixquilucan-sera-hasta-el-11-de-enero","status":"publish","type":"post","link":"https:\/\/www.diarioimagen.net\/?p=489922","title":{"rendered":"Inicia el \u201cOperativo Invierno 2020\u201d en\u00a0Huixquilucan; ser\u00e1 hasta el 11 de enero"},"content":{"rendered":"<p>&nbsp;<\/p>\n<ul>\n<li><em><b>Intensifican la vigilancia policiaca<\/b><\/em><\/li>\n<\/ul>\n<p>&nbsp;<\/p>\n<div id=\"attachment_489923\" style=\"width: 470px\" class=\"wp-caption aligncenter\"><img loading=\"lazy\" decoding=\"async\" aria-describedby=\"caption-attachment-489923\" class=\"size-full wp-image-489923\" src=\"https:\/\/www.diarioimagen.net\/wp-content\/uploads\/2020\/12\/CAMACHO16-aPOR.jpg\" alt=\"\" width=\"460\" height=\"270\" \/><p id=\"caption-attachment-489923\" class=\"wp-caption-text\">Dio inicio al operativo de vigilancia en colonias, fraccionamientos, zonas bancarias y comerciales de Huixquilucan, con motivo de la \u00e9poca navide\u00f1a.<\/p><\/div>\n<p>&nbsp;<\/p>\n<p><strong>Huixquilucan, Estado de M\u00e9xico<\/strong>.- A partir de este lunes 14 de diciembre y hasta el 11 de enero del 2021, estar\u00e1 vigente el operativo de seguridad Invierno 2020, cuya finalidad es evitar que las personas que viven o transitan por Huixquilucan sean v\u00edctimas de alg\u00fan il\u00edcito.<\/p>\n<p>De esta manera, por instrucciones del presidente municipal Enrique Vargas del Villar, la direcci\u00f3n de Seguridad P\u00fablica y Vialidad, dio inicio al operativo de vigilancia en colonias, fraccionamientos, zonas bancarias y comerciales de Huixquilucan a efecto de que las personas realicen sus compras sin contratiempo.<\/p>\n<p>Los diferentes operativos que se realizan en el municipio desde hace 5 a\u00f1os seguir\u00e1n aplic\u00e1ndose, aunque con mayor presencia en las zonas bancarias y comerciales, toda vez que por ser una temporada de fin de a\u00f1o las personas tienen dinero por el pago de aguinaldos lo que representa mayor fluidez de efectivo.<\/p>\n<p>El director de Seguridad P\u00fablica y Vialidad, Luis Antonio Alarc\u00f3n, recomend\u00f3 a las personas que vayan a salir de vacaciones avisar a sus vecinos, dejar puertas y ventanas bien cerradas y no dejar luces encendidas.<\/p>\n<p>As\u00ed mismo recuerda, que se cuenta con la aplicaci\u00f3n C-now, la cual desde el tel\u00e9fono celular las personas pueden reportar en tiempo real alguna situaci\u00f3n de emergencia, misma que ser\u00e1 atendida por personal capacitado en el Centro de Mando.<\/p>\n<p>Se exhorta a la ciudadan\u00eda si va a salir de casa a seguir las medidas de protecci\u00f3n como lo es el uso obligatorio de cubrebocas, careta o googles y respetar los horarios establecidos para los centros comerciales y con ello evitar contagios por influenza y Covid-19.<\/p>\n","protected":false},"excerpt":{"rendered":"<p>A partir de este lunes 14 de diciembre y hasta el 11 de enero del 2021, estar\u00e1 vigente el operativo de seguridad Invierno 2020, cuya finalidad es evitar que las personas que viven o transitan por Huixquilucan sean v\u00edctimas de alg\u00fan il\u00edcito.<\/p>\n","protected":false},"author":1,"featured_media":489923,"comment_status":"open","ping_status":"open","sticky":false,"template":"","format":"standard","meta":{"_monsterinsights_skip_tracking":false,"_monsterinsights_sitenote_active":false,"_monsterinsights_sitenote_note":"","_monsterinsights_sitenote_category":0,"footnotes":""},"categories":[5],"tags":[43675,1097],"class_list":["post-489922","post","type-post","status-publish","format-standard","has-post-thumbnail","hentry","category-estado-de-mexico","tag-estado-de-mexico","tag-huixquilucan"],"_links":{"self":[{"href":"https:\/\/www.diarioimagen.net\/index.php?rest_route=\/wp\/v2\/posts\/489922","targetHints":{"allow":["GET"]}}],"collection":[{"href":"https:\/\/www.diarioimagen.net\/index.php?rest_route=\/wp\/v2\/posts"}],"about":[{"href":"https:\/\/www.diarioimagen.net\/index.php?rest_route=\/wp\/v2\/types\/post"}],"author":[{"embeddable":true,"href":"https:\/\/www.diarioimagen.net\/index.php?rest_route=\/wp\/v2\/users\/1"}],"replies":[{"embeddable":true,"href":"https:\/\/www.diarioimagen.net\/index.php?rest_route=%2Fwp%2Fv2%2Fcomments&post=489922"}],"version-history":[{"count":0,"href":"https:\/\/www.diarioimagen.net\/index.php?rest_route=\/wp\/v2\/posts\/489922\/revisions"}],"wp:featuredmedia":[{"embeddable":true,"href":"https:\/\/www.diarioimagen.net\/index.php?rest_route=\/wp\/v2\/media\/489923"}],"wp:attachment":[{"href":"https:\/\/www.diarioimagen.net\/index.php?rest_route=%2Fwp%2Fv2%2Fmedia&parent=489922"}],"wp:term":[{"taxonomy":"category","embeddable":true,"href":"https:\/\/www.diarioimagen.net\/index.php?rest_route=%2Fwp%2Fv2%2Fcategories&post=489922"},{"taxonomy":"post_tag","embeddable":true,"href":"https:\/\/www.diarioimagen.net\/index.php?rest_route=%2Fwp%2Fv2%2Ftags&post=489922"}],"curies":[{"name":"wp","href":"https:\/\/api.w.org\/{rel}","templated":true}]}}