{"id":489963,"date":"2020-12-16T00:06:36","date_gmt":"2020-12-16T06:06:36","guid":{"rendered":"https:\/\/www.diarioimagen.net\/?p=489963"},"modified":"2020-12-17T23:38:54","modified_gmt":"2020-12-18T05:38:54","slug":"ultima-decada-de-vida-de-los-latinoamericanos-etapa-de-mayor-riesgo-para-sufrir-alguna-discapacidad","status":"publish","type":"post","link":"https:\/\/www.diarioimagen.net\/?p=489963","title":{"rendered":"\u00daltima d\u00e9cada de vida de los latinoamericanos, etapa de mayor riesgo para sufrir alguna discapacidad"},"content":{"rendered":"<p><strong>\u00a0<\/strong><\/p>\n<ul>\n<li><em><strong>Los riesgos ocupacionales pueden originarse de forma inmediata por accidentes, pero tambi\u00e9n con el paso del tiempo y al realizar de manera peri\u00f3dica e inadecuada determinada actividad<\/strong><br \/>\n<\/em><\/li>\n<\/ul>\n<p>&nbsp;<\/p>\n<p><a href=\"https:\/\/www.diarioimagen.net\/?attachment_id=490060\" rel=\"attachment wp-att-490060\"><img loading=\"lazy\" decoding=\"async\" class=\"aligncenter size-full wp-image-490060\" src=\"https:\/\/www.diarioimagen.net\/wp-content\/uploads\/2020\/12\/Uaem-3.jpg\" alt=\"\" width=\"460\" height=\"270\" \/><\/a><\/p>\n<p>&nbsp;<\/p>\n<p><strong>Toluca, Estado de M\u00e9xico.\u2013 <\/strong>La \u00faltima d\u00e9cada de vida de los latinoamericanos es la etapa de mayor riesgo para sufrir alguna discapacidad, principalmente consecuencia de actividades laborales, destac\u00f3 la docente de la Facultad de Medicina de la Universidad Aut\u00f3noma del Estado de M\u00e9xico, Nitzia Reyes Hern\u00e1ndez.<\/p>\n<p>En el marco del ciclo de conferencias en l\u00ednea \u201cDiscapacidad desde sus diversos enfoques y obst\u00e1culos en la sociedad\u201d, que coordin\u00f3 la Organizaci\u00f3n Estudiantil en Pro de la Salud de la UAEM, la acad\u00e9mica detall\u00f3 que los riesgos ocupacionales pueden originarse de forma inmediata por accidentes, pero tambi\u00e9n con el paso del tiempo y al realizar de manera peri\u00f3dica e inadecuada determinada actividad.<\/p>\n<p>Reyes Hern\u00e1ndez puntualiz\u00f3 que, de 120 millones de mexicanos, aproximadamente 6.4 por ciento, es decir, 7.6 millones de personas, viven con alguna discapacidad y experimentan el reto de incluirse en el campo laboral.<\/p>\n<p>La integrante de la subdirecci\u00f3n de Inclusi\u00f3n Laboral en la Secretar\u00eda del Trabajo y Previsi\u00f3n Social de la entidad se\u00f1al\u00f3 que el Estado de M\u00e9xico cuenta con aproximadamente seis mil unidades econ\u00f3micas, por lo que es importante contar con espacios laborales y equipados con protecci\u00f3n para la inclusi\u00f3n de personas con discapacidad.<\/p>\n<p>Destac\u00f3 que las normas oficiales mexicanas relacionadas con el trabajo son estrategias para ofrecer oportunidades de inclusi\u00f3n a personas con discapacidad, pero tambi\u00e9n est\u00e1n dise\u00f1adas para prevenir a poblaciones que podr\u00edan sufrir alg\u00fan accidente, riesgo o enfermedad en su lugar de trabajo.<\/p>\n<p>Nitzia Reyes Hern\u00e1ndez indic\u00f3 que los terapeutas ocupacionales pueden ofrecer herramientas y modelos de salud que permitan identificar, prevenir o corregir actividades laborales que eviten a futuro enfermedades, incapacidades e incluso, discapacidades.<\/p>\n","protected":false},"excerpt":{"rendered":"<p>La \u00faltima d\u00e9cada de vida de los latinoamericanos es la etapa de mayor riesgo para sufrir alguna discapacidad, principalmente consecuencia de actividades laborales, destac\u00f3 la docente de la Facultad de Medicina de la Universidad Aut\u00f3noma del Estado de M\u00e9xico, Nitzia Reyes Hern\u00e1ndez.<\/p>\n","protected":false},"author":3,"featured_media":490060,"comment_status":"open","ping_status":"open","sticky":false,"template":"","format":"standard","meta":{"_monsterinsights_skip_tracking":false,"_monsterinsights_sitenote_active":false,"_monsterinsights_sitenote_note":"","_monsterinsights_sitenote_category":0,"footnotes":""},"categories":[5],"tags":[24566,43675,92072,452,1491],"class_list":["post-489963","post","type-post","status-publish","format-standard","has-post-thumbnail","hentry","category-estado-de-mexico","tag-discapacidad","tag-estado-de-mexico","tag-latinoamericanos","tag-toluca","tag-uaem"],"_links":{"self":[{"href":"https:\/\/www.diarioimagen.net\/index.php?rest_route=\/wp\/v2\/posts\/489963","targetHints":{"allow":["GET"]}}],"collection":[{"href":"https:\/\/www.diarioimagen.net\/index.php?rest_route=\/wp\/v2\/posts"}],"about":[{"href":"https:\/\/www.diarioimagen.net\/index.php?rest_route=\/wp\/v2\/types\/post"}],"author":[{"embeddable":true,"href":"https:\/\/www.diarioimagen.net\/index.php?rest_route=\/wp\/v2\/users\/3"}],"replies":[{"embeddable":true,"href":"https:\/\/www.diarioimagen.net\/index.php?rest_route=%2Fwp%2Fv2%2Fcomments&post=489963"}],"version-history":[{"count":0,"href":"https:\/\/www.diarioimagen.net\/index.php?rest_route=\/wp\/v2\/posts\/489963\/revisions"}],"wp:featuredmedia":[{"embeddable":true,"href":"https:\/\/www.diarioimagen.net\/index.php?rest_route=\/wp\/v2\/media\/490060"}],"wp:attachment":[{"href":"https:\/\/www.diarioimagen.net\/index.php?rest_route=%2Fwp%2Fv2%2Fmedia&parent=489963"}],"wp:term":[{"taxonomy":"category","embeddable":true,"href":"https:\/\/www.diarioimagen.net\/index.php?rest_route=%2Fwp%2Fv2%2Fcategories&post=489963"},{"taxonomy":"post_tag","embeddable":true,"href":"https:\/\/www.diarioimagen.net\/index.php?rest_route=%2Fwp%2Fv2%2Ftags&post=489963"}],"curies":[{"name":"wp","href":"https:\/\/api.w.org\/{rel}","templated":true}]}}