{"id":489982,"date":"2020-12-16T00:05:27","date_gmt":"2020-12-16T06:05:27","guid":{"rendered":"https:\/\/www.diarioimagen.net\/?p=489982"},"modified":"2020-12-16T04:16:26","modified_gmt":"2020-12-16T10:16:26","slug":"se-realizarian-en-el-pais-5-ensayos-fase-iii-de-antigenos-anti-covid","status":"publish","type":"post","link":"https:\/\/www.diarioimagen.net\/?p=489982","title":{"rendered":"Se realizar\u00edan en el pa\u00eds 5 ensayos fase III de ant\u00edgenos anti-Covid"},"content":{"rendered":"<p>&nbsp;<\/p>\n<ul>\n<li><strong><em>Cofepris tiene tres solicitudes pendientes<\/em><\/strong><\/li>\n<\/ul>\n<p>&nbsp;<\/p>\n<p><a href=\"https:\/\/www.diarioimagen.net\/?attachment_id=490044\" rel=\"attachment wp-att-490044\"><img loading=\"lazy\" decoding=\"async\" class=\"aligncenter size-full wp-image-490044\" src=\"https:\/\/www.diarioimagen.net\/wp-content\/uploads\/2020\/12\/ENSAYOS.jpg\" alt=\"\" width=\"460\" height=\"270\" \/><\/a><\/p>\n<p>&nbsp;<\/p>\n<p>M\u00e9xico podr\u00eda albergar ensayos de Fase III de cinco vacunas contra Covid-19, en caso de que la Comisi\u00f3n Federal para la Protecci\u00f3n contra Riesgos Sanitarios (Coferpis) avale las solicitudes de tres farmac\u00e9uticas, anunci\u00f3 el secretario de Relaciones Exteriores (SRE), Marcelo Ebrard.<\/p>\n<p>El canciller inform\u00f3 que las farmac\u00e9uticas Novavax, Curevac y el Instituto de Investigaci\u00f3n Gamaleya de Mosc\u00fa han solicitado a las autoridades mexicanos el permiso para aplicar los ensayos Fase III de sus vacunas anti SARS-CoV-2.<\/p>\n<p>\u201cEn el momento en que Cofepris autorice tendr\u00edamos cinco vacunas de Fase III en M\u00e9xico\u201d, coment\u00f3 Ebrard Casaubon, ya que esos tres medicamentos se sumar\u00edan a CanSinoBIO y Janssen.<\/p>\n<p>Adem\u00e1s que explic\u00f3 que desde octubre que inici\u00f3 sus pruebas y hasta la fecha, 6 mil mexicanos voluntarios han sido vacunados con el f\u00e1rmaco de la firma china, CanSinoBIO.<\/p>\n<p>En tanto, 400 voluntarios m\u00e1s en el pa\u00eds han participado desde el 29 de noviembre en los ensayos de Fase III de la vacuna desarrollada por Janssen. En lo que respecta a la vacuna de Pfizer, el titular de la SRE indic\u00f3 que en este mes de diciembre llegar\u00e1 a M\u00e9xico el primer paquete con 125 mil dosis de su vacuna contra el Covid-19, la cual, ya se ha dicho, comenzar\u00e1 a aplicarse en el personal de salud.<\/p>\n","protected":false},"excerpt":{"rendered":"<p>M\u00e9xico podr\u00eda albergar ensayos de Fase III de cinco vacunas contra Covid-19, en caso de que la Comisi\u00f3n Federal para la Protecci\u00f3n contra Riesgos Sanitarios (Coferpis) avale las solicitudes de tres farmac\u00e9uticas, anunci\u00f3 el secretario de Relaciones Exteriores (SRE), Marcelo Ebrard.<\/p>\n","protected":false},"author":3,"featured_media":490044,"comment_status":"open","ping_status":"open","sticky":false,"template":"","format":"standard","meta":{"_monsterinsights_skip_tracking":false,"_monsterinsights_sitenote_active":false,"_monsterinsights_sitenote_note":"","_monsterinsights_sitenote_category":0,"footnotes":""},"categories":[3],"tags":[91936,65083,92074,441],"class_list":["post-489982","post","type-post","status-publish","format-standard","has-post-thumbnail","hentry","category-nacional","tag-anti-covid","tag-ensayo","tag-fase-iii","tag-secretaria-de-relaciones-exteriores"],"_links":{"self":[{"href":"https:\/\/www.diarioimagen.net\/index.php?rest_route=\/wp\/v2\/posts\/489982","targetHints":{"allow":["GET"]}}],"collection":[{"href":"https:\/\/www.diarioimagen.net\/index.php?rest_route=\/wp\/v2\/posts"}],"about":[{"href":"https:\/\/www.diarioimagen.net\/index.php?rest_route=\/wp\/v2\/types\/post"}],"author":[{"embeddable":true,"href":"https:\/\/www.diarioimagen.net\/index.php?rest_route=\/wp\/v2\/users\/3"}],"replies":[{"embeddable":true,"href":"https:\/\/www.diarioimagen.net\/index.php?rest_route=%2Fwp%2Fv2%2Fcomments&post=489982"}],"version-history":[{"count":0,"href":"https:\/\/www.diarioimagen.net\/index.php?rest_route=\/wp\/v2\/posts\/489982\/revisions"}],"wp:featuredmedia":[{"embeddable":true,"href":"https:\/\/www.diarioimagen.net\/index.php?rest_route=\/wp\/v2\/media\/490044"}],"wp:attachment":[{"href":"https:\/\/www.diarioimagen.net\/index.php?rest_route=%2Fwp%2Fv2%2Fmedia&parent=489982"}],"wp:term":[{"taxonomy":"category","embeddable":true,"href":"https:\/\/www.diarioimagen.net\/index.php?rest_route=%2Fwp%2Fv2%2Fcategories&post=489982"},{"taxonomy":"post_tag","embeddable":true,"href":"https:\/\/www.diarioimagen.net\/index.php?rest_route=%2Fwp%2Fv2%2Ftags&post=489982"}],"curies":[{"name":"wp","href":"https:\/\/api.w.org\/{rel}","templated":true}]}}