{"id":489991,"date":"2020-12-16T00:01:04","date_gmt":"2020-12-16T06:01:04","guid":{"rendered":"https:\/\/www.diarioimagen.net\/?p=489991"},"modified":"2020-12-16T02:45:27","modified_gmt":"2020-12-16T08:45:27","slug":"el-dano-trumpiano","status":"publish","type":"post","link":"https:\/\/www.diarioimagen.net\/?p=489991","title":{"rendered":"El da\u00f1o \u201ctrumpiano\u201d"},"content":{"rendered":"<h2>De pe a pa<\/h2>\n<h5>Alberto Vieyra G.<\/h5>\n<p>&nbsp;<\/p>\n<p>El peor da\u00f1o que los gobernantes populistas como Donald Trump en Estados Unidos, AMLO en M\u00e9xico o Jair Bolsonaro en Brasil pueden causar a sus pueblos es <strong>dividirlos y enfrentarlos<\/strong>, provocando heridas irreversibles en todo el tejido social.<\/p>\n<p>El ejemplo m\u00e1s representativo de ese da\u00f1o causado a la sociedad, lo vemos en EU, donde un gobernante que ha sido tachado de loco, le ha atizado con todo al racismo y los enfrentamientos no se han dejado sentir el pasado fin de semana, con heridos de bala y apu\u00f1alados en Washington a cargo de grupos racistas como los <em>Ku Klux Klan, neonazis y Alt-right<\/em> en los que la <em>bestia trumpiana<\/em> ha sembrado la tir\u00e1nica mentira de que \u201cla raza blanca ostenta la supremac\u00eda racial en el mundo\u201d, siguiendo al pie de la letra el infame populismo hitleriano que durante la Segunda Guerra Mundial llev\u00f3 al peor genocidio de la humanidad en la era moderna con m\u00e1s de 7 y medio millones de jud\u00edos asesinados rabiosamente en los campos de concentraci\u00f3n.<\/p>\n<p>Cuando Donald Trump arrib\u00f3 a la Casa Blanca se ten\u00eda un registro de que 5 millones de norteamericanos compraron armas en 2016 y hoy ese registro se ha elevado a 20 millones, muchos de los cuales han protagonizado odiosas revueltas como la del pasado domingo en Washington con resultados sanguinarios.<\/p>\n<p>Donald Trump aprovech\u00f3 el proceso electoral en Norteam\u00e9rica para hacerles creer a los fundamentalistas blancos de que fue v\u00edctima de un fraude electoral, con lo cual le caus\u00f3 da\u00f1os irreversibles al sistema democr\u00e1tico norteamericano y a las instituciones, pero sobre todo cre\u00f3 el conflicto poselectoral para profundizar en un pueblo dividido y enfrentado. En ese desastroso marco social y pol\u00edtico el colegio electoral norteamericano oficializ\u00f3 este lunes 14 de diciembre de 2020, el triunfo del dem\u00f3crata Joe Biden, al obtener 306 votos contra 232 de Donald Trump que lo convierten en el presidente n\u00famero 46 de los Estados Unidos y ya s\u00f3lo falta que rinda la protesta\u00a0 de rigor el d\u00eda mi\u00e9rcoles 20 de enero de 2021 al mediod\u00eda. \u00bfJoe Biden ser\u00e1 capaz de unir a ese pueblo dividido y enfrentado y evitar\u00e1 que el imperio de las barras y las estrellas sucumba, s\u00ed pase a la historia, dando paso a China como la primera potencia econ\u00f3mica y militar del mundo? \u2026<\/p>\n<p>El reto del se\u00f1or Biden es may\u00fasculo porqu\u00e9 acabar con la infame tesis del emperador romano Julio C\u00e9sar de \u201cdivide y vencer\u00e1s\u201d, no es cosa de quitarle un dulce a un ni\u00f1o. Si Biden logra unir a los Estados Unidos y evitar el colapso del imperio, seguramente que pasar\u00e1 a la historia como un presidente querido y respetado, pero si no, pues no.<\/p>\n<p>Y a todo esto \u00bfpara cu\u00e1ndo el populista Andr\u00e9s L\u00f3pez Obrador se dignar\u00e1 en felicitar a su nuevo patr\u00f3n, Joe Biden? \u00bfHabr\u00e1 dormido el presidente electo norteamericano por no tener la felicitaci\u00f3n del gobernante azteca quien usa la doctrina estrada a contentillo? \u00bfTolerar\u00e1 Biden las reformas de pocos amigos que AMLO ha realizado en materia de seguridad para regular a los agentes extranjeros en M\u00e9xico con dedicatoria para la DEA y la CIA gringa?<\/p>\n<p><u><\/u><u><a href=\"mailto:morcora@gmail.com\" target=\"_blank\" rel=\"noopener noreferrer\"><em>morcora@gmail.com<\/em><\/a><\/u><\/p>\n","protected":false},"excerpt":{"rendered":"<p><span style=\"color: #005497;\"><strong>Alberto Vieyra G.<\/strong><\/span><\/p>\n","protected":false},"author":3,"featured_media":0,"comment_status":"open","ping_status":"open","sticky":false,"template":"","format":"standard","meta":{"_monsterinsights_skip_tracking":false,"_monsterinsights_sitenote_active":false,"_monsterinsights_sitenote_note":"","_monsterinsights_sitenote_category":0,"footnotes":""},"categories":[4596],"tags":[43697,4597,43674],"class_list":["post-489991","post","type-post","status-publish","format-standard","hentry","category-alberto-vieyra-g","tag-alberto-vieyra-g","tag-de-pe-a-pa","tag-opinion"],"_links":{"self":[{"href":"https:\/\/www.diarioimagen.net\/index.php?rest_route=\/wp\/v2\/posts\/489991","targetHints":{"allow":["GET"]}}],"collection":[{"href":"https:\/\/www.diarioimagen.net\/index.php?rest_route=\/wp\/v2\/posts"}],"about":[{"href":"https:\/\/www.diarioimagen.net\/index.php?rest_route=\/wp\/v2\/types\/post"}],"author":[{"embeddable":true,"href":"https:\/\/www.diarioimagen.net\/index.php?rest_route=\/wp\/v2\/users\/3"}],"replies":[{"embeddable":true,"href":"https:\/\/www.diarioimagen.net\/index.php?rest_route=%2Fwp%2Fv2%2Fcomments&post=489991"}],"version-history":[{"count":0,"href":"https:\/\/www.diarioimagen.net\/index.php?rest_route=\/wp\/v2\/posts\/489991\/revisions"}],"wp:attachment":[{"href":"https:\/\/www.diarioimagen.net\/index.php?rest_route=%2Fwp%2Fv2%2Fmedia&parent=489991"}],"wp:term":[{"taxonomy":"category","embeddable":true,"href":"https:\/\/www.diarioimagen.net\/index.php?rest_route=%2Fwp%2Fv2%2Fcategories&post=489991"},{"taxonomy":"post_tag","embeddable":true,"href":"https:\/\/www.diarioimagen.net\/index.php?rest_route=%2Fwp%2Fv2%2Ftags&post=489991"}],"curies":[{"name":"wp","href":"https:\/\/api.w.org\/{rel}","templated":true}]}}