{"id":490006,"date":"2020-12-16T00:08:15","date_gmt":"2020-12-16T06:08:15","guid":{"rendered":"https:\/\/www.diarioimagen.net\/?p=490006"},"modified":"2020-12-16T03:05:37","modified_gmt":"2020-12-16T09:05:37","slug":"una-felicitacion-que-ojala-no-llegue-demasiado-tarde","status":"publish","type":"post","link":"https:\/\/www.diarioimagen.net\/?p=490006","title":{"rendered":"Una felicitaci\u00f3n que ojal\u00e1 no llegue demasiado tarde"},"content":{"rendered":"<h2>Clase Pol\u00edtica<\/h2>\n<h5>Miguel \u00c1ngel Rivera<\/h5>\n<p>&nbsp;<\/p>\n<p>Al fin, conforme a lo que hab\u00eda dicho acerca de esperar el resultado \u201coficial\u201d de la elecci\u00f3n en Estados Unidos, el primer mandatarios mexicano Andr\u00e9s Manuel L\u00f3pez Obrador felicit\u00f3 al reci\u00e9n elegido presidente de la vecina naci\u00f3n, Joe Biden, quien fuera postulado por el Partido Dem\u00f3crata.<\/p>\n<p>Sin embargo, el Presidente mexicano no desperdici\u00f3 la oportunidad de imprimir a ese reconocimiento su sello personal, ya que en vez de limitarse a una llamada telef\u00f3nica, como hacen la mayor parte de los gobernantes de otras naciones, eligi\u00f3 mandar una carta, en la cual le expresa a Biden su prop\u00f3sito de mantener buenas relaciones bilaterales, fincadas en la colaboraci\u00f3n, amistad y respeto a la soberan\u00eda de ambos pa\u00edses.<\/p>\n<p>Adem\u00e1s, en su conferencia ma\u00f1anera de ayer, el gobernante mexicano reconoci\u00f3 la postura del ya presidente electo de los Estados Unidos a favor de los migrantes mexicanos y del mundo, lo que espera se traduzca en colaboraci\u00f3n para promover el desarrollo y el bienestar de las comunidades del sureste de M\u00e9xico y de los pa\u00edses de Centroam\u00e9rica.<\/p>\n<p>\u201cEspero que pr\u00f3ximamente, se\u00f1or Biden, se presente la oportunidad de hablar de este y otros asuntos; en tanto le reitero nuestra felicitaci\u00f3n y le deseo la mejor de las suertes\u201d, expres\u00f3 L\u00f3pez Obrador.<\/p>\n<p>El mandatario mexicano justific\u00f3 su decisi\u00f3n en la llamada Doctrina Estrada que ha sido uno de los sustentos de la pol\u00edtica exterior mexicana, que ha servido para que nuestro pa\u00eds se vea involucrado involuntariamente en conflictos internacionales. Esa doctrina postula que el gobierno mexicano no reconoce o desconoce a gobiernos de otras naciones, sino que simplemente decide si desea o no mantener relaciones diplom\u00e1ticas.<\/p>\n<p>En el caso concreto de las recientes elecciones presidenciales en los Estados Unidos, el presidente saliente y aspirante a la reelecci\u00f3n, el multimillonario Donald Trump, cre\u00f3 un conflicto al denunciar un supuesto fraude electoral que sirvi\u00f3 para derrotarlo y declarar vencedor a su contrincante Biden.<\/p>\n<p>Fue precisamente en raz\u00f3n de ese potencial conflicto que L\u00f3pez Obrador se reserv\u00f3 su felicitaci\u00f3n y esper\u00f3 hasta que el Colegio Electoral de la Uni\u00f3n Americana pronunciara su veredicto oficial. Los otros mandatarios que se apresuraron a manifestar sus parabienes a partir de las sumas extraoficiales de votos que corren a cargo de los principales medios de comunicaci\u00f3n de los Estados Unidos.<\/p>\n<p>Parece impecable la actitud del gobernante mexicano, pero no alcanz\u00f3 a eliminar los temores de que\u00a0 su decisi\u00f3n se tradujera en un mal inicio de las relaciones con el gobierno que entrar\u00e1 en funciones el venidero 20 de enero.<\/p>\n<p>Esos resquemores surgen de la visita que realiz\u00f3 el Presidente mexicano al multimillonario Trump en plena contienda electoral, pues su equipo de campa\u00f1a se encarg\u00f3 de hacerla aparecer como un respaldo a su gobierno, a pesar de las reiteradas cr\u00edticas y descalificaciones contra M\u00e9xico y los mexicanos, traducidas principalmente en la construcci\u00f3n de un muro en la frontera com\u00fan, obra que, por cierto, se intensific\u00f3 en los \u00faltimos d\u00edas, seg\u00fan reportan medios de la vecina naci\u00f3n.<\/p>\n<p>Ni en ese momento ni en ning\u00fan otro, previo a las votaciones en la Uni\u00f3n Americana, hubo un gesto amistoso del gobierno mexicano para el equipo de Biden, al menos no p\u00fablicamente.<\/p>\n<p>Por ello, es de esperar que no exista ning\u00fan resentimiento de parte del ahora s\u00ed oficialmente presidente electo de los Estados Unidos y que, como lo propone L\u00f3pez Obrador en su misiva las relaciones bilaterales se desarrollen en un marco de amista y respeto.<\/p>\n<p>Al respecto, no se puede olvidar el viejo dicho de que los Estados Unidos no tienen amigos, tienen intereses. Y esto se aplica por igual a republicanos y a dem\u00f3cratas.<\/p>\n<p>El que tambi\u00e9n aprovech\u00f3 el momento para e nviar una felicitaci\u00f3n a Biden fue el dirigente del PRI y de la Conferencia Permanente de Partidos Pol\u00edticos de Am\u00e9rica Latina (COPPPAL), Alejandro Moreno C\u00e1rdenas.<\/p>\n<p>En sus redes sociales, el dirigente priista consider\u00f3 que el mandato del presidente electo por los estadounidenses, \u201ctendr\u00e1 una importante agenda en favor de nuestros hermanos mexicanos\u201d que viven en el vecino pa\u00eds del norte.<\/p>\n<p>Moreno reiter\u00f3 que el PRI seguir\u00e1 con el trabajo por la defensa de los derechos de nuestros connacionales en el extranjero y les asegur\u00f3 que no est\u00e1n solos y este instituto pol\u00edtico no los olvida.<\/p>\n<p style=\"text-align: center;\"><strong>Protestas generalizadas detuvieron, moment\u00e1neamente, la reforma al Banco de M\u00e9xico<\/strong><\/p>\n<p>De \u00faltimo minuto, qued\u00f3 detenida la reforma a la Ley Org\u00e1nica del Banco de M\u00e9xico (Banxico) ya aprobada en el Senado y que los diputados de la mayor\u00eda integrada por Morena y sus aliados del PT, PES y PVEM, se aprestaban para ratificar en el \u00faltimo d\u00eda de sesiones como \u201cregalo de Navidad\u201d al gobierno de la llamada Cuarta Transformaci\u00f3n.<\/p>\n<p>El cambio no es definitivo. Se planea realizar una consulta abierta a todos los interesados durante enero, para tener lista la iniciativa, con sus eventuales modificaciones, para el inicio del siguiente periodo ordinario de sesiones, que arrancar\u00e1 el 1 de febrero.<\/p>\n<p>En obsequio a los principios de la lucha democr\u00e1tica, se dijo que el fren\u00f3n a la iniciativa fue resultado de las generalizadas protestas en contra de la reforma, porque se tem\u00eda que con los cambios se afectara la autonom\u00eda del banco central y se le colocara en riesgo de ser acusado de \u201clavado de dinero\u201d y que, con ello pierda su prestigio internacional.<\/p>\n<p>Para muchos suspicaces, no fue la llamada presi\u00f3n popular, sino que lleg\u00f3 a los legisladores una orden \u201cde arriba\u201d, pues como apuntamos anteriores, para los seguidores de la 4T la reforma beneficiar\u00eda directamente a la administraci\u00f3n encabezada por el presidente L\u00f3pez Obrador.<\/p>\n<p>Por cierto, entre las voces que calificaron de riesgoso imponer a Banxico la obligaci\u00f3n de recibir d\u00f3lares en efectivo apareci\u00f3 la del titular de la Unidad de Investigaci\u00f3n Financiera (UIF) de la Secretar\u00eda de Hacienda, Santiago Nieto Castillo, quien en el actual gobierno enarbola la bandera de la lucha contra la corrupci\u00f3n.<\/p>\n<p>\u201cEn la UIF de la Secretar\u00eda de Hacienda y Cr\u00e9dito P\u00fablico creemos que la reforma a la Ley de Banxico debe analizarse en una discusi\u00f3n m\u00e1s amplia y t\u00e9cnica que permita enfrentar el problema de los d\u00f3lares en efectivo y la necesidad de su incorporaci\u00f3n, sin generar riesgos de lavado de dinero\u201d, manifest\u00f3 Nieto Castillo.<\/p>\n<p>El diferimiento de la iniciativa fue confirmada por los coordinadores de Morena en el Senado y la C\u00e1mara de Diputados, Ricardo Monreal e Ignacio Mier, quienes precisaron que la iniciativa ser\u00e1 presentada el pr\u00f3ximo periodo ordinario de sesiones, mientras que en enero, para prepararla, se activar\u00e1 una comisi\u00f3n de trabajo bicameral\u00a0 donde participar\u00e1n tanbi\u00e9n representantes del Banco de M\u00e9xico, Secretar\u00eda de Hacienda, Asociaci\u00f3n Mexicana de Bancos\u00a0 y a Comisi\u00f3n Nacional Bancaria y de Valores.<\/p>\n<p>\u201cAhuyentaremos al fantasma de la agresi\u00f3n a la autonom\u00eda del Banco de M\u00e9xico y la amenaza de que se permitan actividades il\u00edcitas en el sistema financiero mexicano\u201d, asever\u00f3 Monreal, quien es el autor de esa ley.<\/p>\n<p>Lo que s\u00ed aprobaron los diputados antes de concluir el periodo ordinario fue la reforma a la Ley de Seguridad Nacional, que acota la presencia y actuaci\u00f3n de agentes extranjeros en M\u00e9xico, quienes deber\u00e1n registrarse y no tendr\u00e1n inmunidad en caso de que cometan un delito o alienten a cometerlo.<\/p>\n<p>Las modificaciones establecen que las embajadas y misiones extranjeras acreditadas en el pa\u00eds deber\u00e1n informar a las autoridades mexicanas correspondientes sobre los hechos que tengan conocimiento en el desempe\u00f1o de sus funciones en materia de seguridad.<\/p>\n<p>Tambi\u00e9n se menciona que los agentes extranjeros podr\u00e1n ser autorizados para \u201cinternarse temporalmente en territorio nacional para fines de intercambio de informaci\u00f3n, en el marco de los convenios y programas de cooperaci\u00f3n bilateral en materia de seguridad y que contribuyan a preservar la seguridad nacional\u201d.<\/p>\n<p>La reforma fue enviada al Ejecutivo para ser promulgada.<\/p>\n<p style=\"text-align: center;\">******<\/p>\n<blockquote><p><strong>AVISO:<\/strong> Su amigo Miguel \u00c1ngel Rivera Paz, quien agradece la atenci\u00f3n a sus comentarios, tomar\u00e1 unos d\u00edas de descaso, por lo cual esta columna dejar\u00e1 de publicarse el resto del a\u00f1o, para reaparecer el lunes 11 de enero. En tanto, deseo a nuestros lectores, y a quienes no lo son, muchas felicidades y, sobre todo, que el venidero a\u00f1o les compense lo mucho que adeuda 2020.<\/p><\/blockquote>\n<p><a href=\"mailto:riparcangel@hotmail.com\" target=\"_blank\" rel=\"noopener noreferrer\"><em>riparcangel@hotmail.com<\/em><\/a><\/p>\n","protected":false},"excerpt":{"rendered":"<p><span style=\"color: #005497;\"><strong>Miguel \u00c1ngel Rivera<\/strong><\/span><\/p>\n","protected":false},"author":3,"featured_media":0,"comment_status":"open","ping_status":"open","sticky":false,"template":"","format":"standard","meta":{"_monsterinsights_skip_tracking":false,"_monsterinsights_sitenote_active":false,"_monsterinsights_sitenote_note":"","_monsterinsights_sitenote_category":0,"footnotes":""},"categories":[84119],"tags":[84120,84121,43674],"class_list":["post-490006","post","type-post","status-publish","format-standard","hentry","category-miguel-angel-rivera","tag-clase-politica","tag-miguel-angel-rivera","tag-opinion"],"_links":{"self":[{"href":"https:\/\/www.diarioimagen.net\/index.php?rest_route=\/wp\/v2\/posts\/490006","targetHints":{"allow":["GET"]}}],"collection":[{"href":"https:\/\/www.diarioimagen.net\/index.php?rest_route=\/wp\/v2\/posts"}],"about":[{"href":"https:\/\/www.diarioimagen.net\/index.php?rest_route=\/wp\/v2\/types\/post"}],"author":[{"embeddable":true,"href":"https:\/\/www.diarioimagen.net\/index.php?rest_route=\/wp\/v2\/users\/3"}],"replies":[{"embeddable":true,"href":"https:\/\/www.diarioimagen.net\/index.php?rest_route=%2Fwp%2Fv2%2Fcomments&post=490006"}],"version-history":[{"count":0,"href":"https:\/\/www.diarioimagen.net\/index.php?rest_route=\/wp\/v2\/posts\/490006\/revisions"}],"wp:attachment":[{"href":"https:\/\/www.diarioimagen.net\/index.php?rest_route=%2Fwp%2Fv2%2Fmedia&parent=490006"}],"wp:term":[{"taxonomy":"category","embeddable":true,"href":"https:\/\/www.diarioimagen.net\/index.php?rest_route=%2Fwp%2Fv2%2Fcategories&post=490006"},{"taxonomy":"post_tag","embeddable":true,"href":"https:\/\/www.diarioimagen.net\/index.php?rest_route=%2Fwp%2Fv2%2Ftags&post=490006"}],"curies":[{"name":"wp","href":"https:\/\/api.w.org\/{rel}","templated":true}]}}