{"id":490068,"date":"2020-12-17T00:03:42","date_gmt":"2020-12-17T06:03:42","guid":{"rendered":"https:\/\/www.diarioimagen.net\/?p=490068"},"modified":"2020-12-17T01:12:30","modified_gmt":"2020-12-17T07:12:30","slug":"rinde-protesta-comite-de-ordenamiento-ecologico-de-tultepec-que-fortalece-caracter-participativo","status":"publish","type":"post","link":"https:\/\/www.diarioimagen.net\/?p=490068","title":{"rendered":"Rinde protesta Comit\u00e9 de Ordenamiento Ecol\u00f3gico\u00a0de Tultepec, que fortalece car\u00e1cter participativo"},"content":{"rendered":"<p>&nbsp;<\/p>\n<ul>\n<li><em><b>Apuestan por la sustentabilidad ambiental<\/b><\/em><\/li>\n<\/ul>\n<p>&nbsp;<\/p>\n<div id=\"attachment_490069\" style=\"width: 470px\" class=\"wp-caption aligncenter\"><img loading=\"lazy\" decoding=\"async\" aria-describedby=\"caption-attachment-490069\" class=\"size-full wp-image-490069\" src=\"https:\/\/www.diarioimagen.net\/wp-content\/uploads\/2020\/12\/CAMACHO17-cPOR.jpg\" alt=\"\" width=\"460\" height=\"270\" \/><p id=\"caption-attachment-490069\" class=\"wp-caption-text\">Presidi\u00f3 el edil Marco Antonio Cruz Cruz la instalaci\u00f3n del\u00a0Comit\u00e9 de Ordenamiento Ecol\u00f3gico de Tultepec.<\/p><\/div>\n<p>&nbsp;<\/p>\n<p><strong>Tultepec, Estado de M\u00e9xico<\/strong>.- El alcalde Marco Antonio Cruz Cruz presidi\u00f3 a trav\u00e9s de una reuni\u00f3n virtual la instalaci\u00f3n del\u00a0Comit\u00e9 de Ordenamiento Ecol\u00f3gico de Tultepec, el cual est\u00e1 conformado con la participaci\u00f3n de los tres \u00f3rdenes de gobierno, organizaciones sociales, instituciones acad\u00e9micas, sectores productivos y sociedad civil; mismo que fungir\u00e1 como un \u00f3rgano permanente para fortalecer el car\u00e1cter participativo, adaptativo y transparente en el proceso de ordenamiento ecol\u00f3gico local.<\/p>\n<p>El\u00a0Comit\u00e9 de Ordenamiento Ecol\u00f3gico de Tultepec\u00a0qued\u00f3 integrado\u00a0por el alcalde y por Edgar Adri\u00e1n Hern\u00e1ndez M\u00e1rquez, Secretario del Ayuntamiento, como \u00d3rgano Ejecutor, as\u00ed como por Juan Carlos Ugalde, como Organizaci\u00f3n Social y por Rita Mart\u00ednez \u00c1lvarez, Directora del Centro de Estudios Tecnol\u00f3gicos del Estado de M\u00e9xico (CECYTEM), plantel Tultepec, como instituci\u00f3n acad\u00e9mica, ambos como miembros del \u00d3rgano Ejecutivo.<\/p>\n<p>El presidente municipal asegur\u00f3 que, en cumplimiento de la normatividad de protecci\u00f3n animal, el Ayuntamiento ya trabaja a favor de un programa ecol\u00f3gico a trav\u00e9s del cual se estar\u00e1n retirando de manera gradual los recolectores de basura que ocupan caballos y mulas como tracci\u00f3n para sus unidades, mismo en el que el\u00a0Comit\u00e9 de Ordenamiento Ecol\u00f3gico de Tultepec\u00a0sin duda ser\u00e1 de vital importancia en su instauraci\u00f3n y cumplimiento.<\/p>\n<p>Ante la participaci\u00f3n virtual de al menos 35 integrantes del\u00a0Comit\u00e9,\u00a0el director de Ordenamiento Ecol\u00f3gico e Impacto Ambiental de la Secretar\u00eda del Medio Ambiente del Estado de M\u00e9xico, Nicol\u00e1s Mendoza Jim\u00e9nez, agradeci\u00f3 al alcalde por apostar en la sustentabilidad ambiental, e invit\u00f3 a las instancias federales y estatales a continuar con los trabajos de coordinar acciones para los talleres de revisi\u00f3n del estudio t\u00e9cnico de las siguientes etapas.<\/p>\n<p>Para dar cumplimiento a la informaci\u00f3n trabajada, se publicar\u00e1 una bit\u00e1cora ambiental en la p\u00e1gina oficial del Ayuntamiento, donde se subir\u00e1 constantemente la informaci\u00f3n del Proceso de Programa de Ordenamiento Ecol\u00f3gico de Tultepec, el convenio de coordinaci\u00f3n, el aviso de inicio al proceso, el reglamento interior del comit\u00e9 y las actas de instalaci\u00f3n y primera sesi\u00f3n.<\/p>\n<p>Finalmente, los integrantes del\u00a0\u00d3rgano Ejecutivo y T\u00e9cnico del Comit\u00e9 de Ordenamiento Ecol\u00f3gico Local de Tultepec,\u00a0acordaron por unanimidad que la segunda Sesi\u00f3n Ordinaria del Comit\u00e9 se lleve a cabo una vez concluida la etapa de caracterizaci\u00f3n del estudio t\u00e9cnico, para su validaci\u00f3n.<\/p>\n","protected":false},"excerpt":{"rendered":"<p>El alcalde Marco Antonio Cruz Cruz presidi\u00f3 a trav\u00e9s de una reuni\u00f3n virtual la instalaci\u00f3n del\u00a0Comit\u00e9 de Ordenamiento Ecol\u00f3gico de Tultepec, el cual est\u00e1 conformado con la participaci\u00f3n de los tres \u00f3rdenes de gobierno, organizaciones sociales, instituciones acad\u00e9micas, sectores productivos y sociedad civil; mismo que fungir\u00e1 como un \u00f3rgano permanente para fortalecer el car\u00e1cter participativo, adaptativo y transparente en el proceso de ordenamiento ecol\u00f3gico local.<\/p>\n","protected":false},"author":1,"featured_media":490069,"comment_status":"open","ping_status":"open","sticky":false,"template":"","format":"standard","meta":{"_monsterinsights_skip_tracking":false,"_monsterinsights_sitenote_active":false,"_monsterinsights_sitenote_note":"","_monsterinsights_sitenote_category":0,"footnotes":""},"categories":[5],"tags":[43675,3802],"class_list":["post-490068","post","type-post","status-publish","format-standard","has-post-thumbnail","hentry","category-estado-de-mexico","tag-estado-de-mexico","tag-tultepec"],"_links":{"self":[{"href":"https:\/\/www.diarioimagen.net\/index.php?rest_route=\/wp\/v2\/posts\/490068","targetHints":{"allow":["GET"]}}],"collection":[{"href":"https:\/\/www.diarioimagen.net\/index.php?rest_route=\/wp\/v2\/posts"}],"about":[{"href":"https:\/\/www.diarioimagen.net\/index.php?rest_route=\/wp\/v2\/types\/post"}],"author":[{"embeddable":true,"href":"https:\/\/www.diarioimagen.net\/index.php?rest_route=\/wp\/v2\/users\/1"}],"replies":[{"embeddable":true,"href":"https:\/\/www.diarioimagen.net\/index.php?rest_route=%2Fwp%2Fv2%2Fcomments&post=490068"}],"version-history":[{"count":0,"href":"https:\/\/www.diarioimagen.net\/index.php?rest_route=\/wp\/v2\/posts\/490068\/revisions"}],"wp:featuredmedia":[{"embeddable":true,"href":"https:\/\/www.diarioimagen.net\/index.php?rest_route=\/wp\/v2\/media\/490069"}],"wp:attachment":[{"href":"https:\/\/www.diarioimagen.net\/index.php?rest_route=%2Fwp%2Fv2%2Fmedia&parent=490068"}],"wp:term":[{"taxonomy":"category","embeddable":true,"href":"https:\/\/www.diarioimagen.net\/index.php?rest_route=%2Fwp%2Fv2%2Fcategories&post=490068"},{"taxonomy":"post_tag","embeddable":true,"href":"https:\/\/www.diarioimagen.net\/index.php?rest_route=%2Fwp%2Fv2%2Ftags&post=490068"}],"curies":[{"name":"wp","href":"https:\/\/api.w.org\/{rel}","templated":true}]}}