{"id":490118,"date":"2020-12-17T00:33:20","date_gmt":"2020-12-17T06:33:20","guid":{"rendered":"https:\/\/www.diarioimagen.net\/?p=490118"},"modified":"2020-12-17T23:05:23","modified_gmt":"2020-12-18T05:05:23","slug":"hasta-7-anos-de-carcel-por-toma-de-casetas-con-fines-de-lucro","status":"publish","type":"post","link":"https:\/\/www.diarioimagen.net\/?p=490118","title":{"rendered":"Hasta 7 a\u00f1os de c\u00e1rcel por toma de casetas con fines de lucro"},"content":{"rendered":"<p>&nbsp;<\/p>\n<h3 style=\"text-align: center;\">Adem\u00e1s de una multa de m\u00e1s de 86 mil pesos<\/h3>\n<p>&nbsp;<\/p>\n<div id=\"attachment_490163\" style=\"width: 470px\" class=\"wp-caption aligncenter\"><a href=\"https:\/\/www.diarioimagen.net\/?attachment_id=490163\" rel=\"attachment wp-att-490163\"><img loading=\"lazy\" decoding=\"async\" aria-describedby=\"caption-attachment-490163\" class=\"size-full wp-image-490163\" src=\"https:\/\/www.diarioimagen.net\/wp-content\/uploads\/2020\/12\/casetas.jpg\" alt=\"\" width=\"460\" height=\"270\" \/><\/a><p id=\"caption-attachment-490163\" class=\"wp-caption-text\">Se prev\u00e9 asimismo aumentar a nueve a\u00f1os de prisi\u00f3n la pena m\u00e1xima para quien da\u00f1e, perjudique o destruya las v\u00edas generales de comunicaci\u00f3n o los medios de transporte<\/p><\/div>\n<p>&nbsp;<\/p>\n<p>Se castigar\u00e1 hasta con siete a\u00f1os de prisi\u00f3n y una multa de mil veces el valor diario de la Unidad de Medida y Actualizaci\u00f3n (86 mil 880 pesos) a quienes incurran en la toma de casetas de cobro en carreteras con fines de lucro.<\/p>\n<p>La C\u00e1mara de Diputados aprob\u00f3 en lo general las reformas a la Ley de V\u00edas Generales de Comunicaci\u00f3n para castigar, no obstante, la iniciativa dividi\u00f3 al bloque de legisladores de la llamada cuarta transformaci\u00f3n, pues un grupo de morenistas y petistas vot\u00f3 en contra, por considerar que la reforma criminaliza la protesta social.<\/p>\n<p>\u201cA qui\u00e9nes en el ejercicio de la conducta establecida en el art\u00edculo anterior obtengan un lucro, impidan el cobro o condicionen de manera total o parcial el tr\u00e1nsito de los medios de transporte que circulan en las v\u00edas generales de comunicaci\u00f3n ser\u00e1n sancionados con seis meses a siete a\u00f1os de prisi\u00f3n y multa de 750 a mil Unidades de Medida y Actualizaci\u00f3n vigentes\u201d, puntualiza el dictamen.<\/p>\n<p>Prev\u00e9 asimismo aumentar a nueve a\u00f1os de prisi\u00f3n la pena m\u00e1xima para quien da\u00f1e, perjudique o destruya las v\u00edas generales de comunicaci\u00f3n o los medios de transporte, interrumpa la prestaci\u00f3n del servicio u operaci\u00f3n de las v\u00edas generales comunicaci\u00f3n o restrinja de manera total o parcial el tr\u00e1nsito de los medios de transporte que circulan por \u00e9stas.<\/p>\n<p>De acuerdo con la Comisi\u00f3n de Comunicaciones y Transportes, las p\u00e9rdidas documentadas en 2019 y 2020 por la toma de casetas y el llamado boteo ascienden a cerca de 7 mil millones de pesos, mientras los bloqueos a las v\u00edas f\u00e9rreas se han incrementado este a\u00f1o 119 por ciento respecto al anterior, con una duraci\u00f3n promedio de doce d\u00edas.<\/p>\n","protected":false},"excerpt":{"rendered":"<p>Se castigar\u00e1 hasta con siete a\u00f1os de prisi\u00f3n y una multa de mil veces el valor diario de la Unidad de Medida y Actualizaci\u00f3n (86 mil 880 pesos) a quienes incurran en la toma de casetas de cobro en carreteras con fines de lucro.<\/p>\n","protected":false},"author":3,"featured_media":490163,"comment_status":"open","ping_status":"open","sticky":false,"template":"","format":"standard","meta":{"_monsterinsights_skip_tracking":false,"_monsterinsights_sitenote_active":false,"_monsterinsights_sitenote_note":"","_monsterinsights_sitenote_category":0,"footnotes":""},"categories":[3],"tags":[13206,28633,92080,43673,9985],"class_list":["post-490118","post","type-post","status-publish","format-standard","has-post-thumbnail","hentry","category-nacional","tag-carcel","tag-casetas","tag-ley-de-vias-generales-de-comunicacion","tag-nacional","tag-peaje"],"_links":{"self":[{"href":"https:\/\/www.diarioimagen.net\/index.php?rest_route=\/wp\/v2\/posts\/490118","targetHints":{"allow":["GET"]}}],"collection":[{"href":"https:\/\/www.diarioimagen.net\/index.php?rest_route=\/wp\/v2\/posts"}],"about":[{"href":"https:\/\/www.diarioimagen.net\/index.php?rest_route=\/wp\/v2\/types\/post"}],"author":[{"embeddable":true,"href":"https:\/\/www.diarioimagen.net\/index.php?rest_route=\/wp\/v2\/users\/3"}],"replies":[{"embeddable":true,"href":"https:\/\/www.diarioimagen.net\/index.php?rest_route=%2Fwp%2Fv2%2Fcomments&post=490118"}],"version-history":[{"count":0,"href":"https:\/\/www.diarioimagen.net\/index.php?rest_route=\/wp\/v2\/posts\/490118\/revisions"}],"wp:featuredmedia":[{"embeddable":true,"href":"https:\/\/www.diarioimagen.net\/index.php?rest_route=\/wp\/v2\/media\/490163"}],"wp:attachment":[{"href":"https:\/\/www.diarioimagen.net\/index.php?rest_route=%2Fwp%2Fv2%2Fmedia&parent=490118"}],"wp:term":[{"taxonomy":"category","embeddable":true,"href":"https:\/\/www.diarioimagen.net\/index.php?rest_route=%2Fwp%2Fv2%2Fcategories&post=490118"},{"taxonomy":"post_tag","embeddable":true,"href":"https:\/\/www.diarioimagen.net\/index.php?rest_route=%2Fwp%2Fv2%2Ftags&post=490118"}],"curies":[{"name":"wp","href":"https:\/\/api.w.org\/{rel}","templated":true}]}}