{"id":490286,"date":"2020-12-18T00:04:22","date_gmt":"2020-12-18T06:04:22","guid":{"rendered":"https:\/\/www.diarioimagen.net\/?p=490286"},"modified":"2020-12-18T04:44:34","modified_gmt":"2020-12-18T10:44:34","slug":"que-pagamos-tan-caro","status":"publish","type":"post","link":"https:\/\/www.diarioimagen.net\/?p=490286","title":{"rendered":"\u00bfQu\u00e9 pagamos tan caro?"},"content":{"rendered":"<h2>Perfil de M\u00e9xico<\/h2>\n<h5>Armando R\u00edos Ruiz<\/h5>\n<p>&nbsp;<\/p>\n<p>En el actual gobierno se ha vuelto una constante mentir sobre todos los temas, para hacer ver a los mexicanos, m\u00e1s a que a otros, a los simpatizantes del que gobierna, que M\u00e9xico ya fue encumbrado al primer lugar en el mundo, en todo lo bueno. Que no padece nada que haga da\u00f1o y que todos los problemas ya se superaron, con la sola presencia de los que hoy mandan.<\/p>\n<p>Estas falsedades han redituado aplausos hasta el \u00e9xtasis y por eso resulta necesario sostenerlas. Indudablemente, la actitud provoca un perjuicio inmenso, porque encamina al pa\u00eds hacia un modelo deleznable, que se traducir\u00e1 en una dictadura que, una vez alcanzada por no encontrar la forma de impedirla, se quedar\u00e1 hasta que alg\u00fan d\u00eda, la gente al fin reaccione.<\/p>\n<p>La ceguera ha cundido tanto, que lejos de prestar o\u00eddos y tratar de entender, las voces de alerta que todos los d\u00edas se levantan en muchos medios informativos son criticadas y tildadas de molestia de los \u201cenemigos\u201d por haber perdido privilegios. La raz\u00f3n se ha ausentado para ser suplida por su ausencia total, que somete a muchos mexicanos a repetir lo que escucha, sin el m\u00e1s peque\u00f1o alcance para hacer aunque sea el m\u00ednimo an\u00e1lisis.<\/p>\n<p>En virtud de que la mentira se ha convertido en un ejercicio cotidiano, proferida desde el m\u00e1s alto nivel pol\u00edtico, se ha vuelto tambi\u00e9n normal en todos los que tienen que ver en la actual administraci\u00f3n. Como la necedad, tambi\u00e9n hoy es una virtud. Por ello, quienes ostentan un cargo p\u00fablico presumen de todos los t\u00edtulos habidos y por haber, con apenas alg\u00fan tipo de educaci\u00f3n.<\/p>\n<p>Esto no es importante. En voz del propio Presidente de M\u00e9xico, la instrucci\u00f3n acad\u00e9mica no es necesaria. Obtener petr\u00f3leo es lo m\u00e1s f\u00e1cil del mundo. Basta con escarbar en el suelo hasta encontrarlo. No se necesita ser arquitecto para construir una casa, ni economista para ver por el bienestar de un pa\u00eds en esa materia. \u00c9l mismo es un ejemplo de excelente administraci\u00f3n.<\/p>\n<p>Pero, hay personas conscientes de que, mientras mejor preparados quienes gobiernan, mejor le ir\u00e1 a cualquier pa\u00eds. Hoy no es \u00e9ste el caso de M\u00e9xico. Los que est\u00e1n incrustados en el actual gobierno han dado muestras claras de ser los m\u00e1s incapacitados. Pero curiosamente es as\u00ed como convienen al mandatario. Si es posible, que no sean capaces de manejar su encargo. \u00c9l es tod\u00f3logo y puede hacerlo sin nadie que ayude. Los nombramientos son para llenar huecos.<\/p>\n<p>Todo lo anterior viene a colaci\u00f3n porque en el estado de Guerrero se dice que Pablo Am\u00edlcar Sandoval ser\u00e1 su gobernador a partir del a\u00f1o entrante. Es una entidad en donde el Presidente tiene un ascendiente enorme sobre sus habitantes y \u00e9stos carecen de capacidad para analizar qui\u00e9n es el que m\u00e1s conviene. Los que piensan aseguran que simplemente acudir\u00e1n a darle su voto.<\/p>\n<p>El pol\u00edtico sure\u00f1o ha dicho que es licenciado en Econom\u00eda, con estudios de posgrado en la Universidad de Yale. Dice adem\u00e1s que es un\u00a0\u201cexperto en democracia, federalismo y pol\u00edtica econ\u00f3mica\u201d. Sin embargo, le acaban de descubrir que ni siquiera tiene el t\u00edtulo que presume. Tampoco los estudios superiores. Pero eso poco importa para sus prop\u00f3sitos, como ya dijimos.<\/p>\n<p>Deber\u00eda importar para los habitantes de uno de los estados m\u00e1s atrasados del pa\u00eds, que necesita de veras de alguien que tenga preocupaci\u00f3n real de sacarlo de la extrema pobreza que sufren muchos habitantes del lugar.<\/p>\n<p>Como a su hermana, secretaria de la Funci\u00f3n P\u00fablica, tambi\u00e9n le encontraron bienes cuya propiedad no pudo justificar. Esto tampoco importa, aunque se hable hasta por los codos de una enorme preocupaci\u00f3n por desterrar la corrupci\u00f3n, pero de otros, no la de los agraciados con el que dice despreciarla.<\/p>\n<p>La lente de un celular tambi\u00e9n dio cuenta de que descendi\u00f3 de una camioneta nueva \u2212seguida por otra igual\u2212, dotadas con el m\u00e1ximo blindaje y vigilado por un ayudante que le cargaba el saco. Quiso justificar con los argumentos m\u00e1s burdos, como diciendo a los mexicanos: \u201cestos est\u00fapidos, con esto tienen\u201d.<\/p>\n<p><a href=\"mailto:ariosruiz@gmail.com\" target=\"_blank\" rel=\"noopener noreferrer\"><em>ariosruiz@gmail.com<\/em><\/a><\/p>\n","protected":false},"excerpt":{"rendered":"<p><span style=\"color: #005497;\"><strong>Armando R\u00edos Ruiz<\/strong><\/span><\/p>\n","protected":false},"author":3,"featured_media":0,"comment_status":"open","ping_status":"open","sticky":false,"template":"","format":"standard","meta":{"_monsterinsights_skip_tracking":false,"_monsterinsights_sitenote_active":false,"_monsterinsights_sitenote_note":"","_monsterinsights_sitenote_category":0,"footnotes":""},"categories":[88405],"tags":[88407,4269,91193],"class_list":["post-490286","post","type-post","status-publish","format-standard","hentry","category-armando-rios-ruiz","tag-armando-rios-ruiz","tag-opnion","tag-perfil-de-mexico"],"_links":{"self":[{"href":"https:\/\/www.diarioimagen.net\/index.php?rest_route=\/wp\/v2\/posts\/490286","targetHints":{"allow":["GET"]}}],"collection":[{"href":"https:\/\/www.diarioimagen.net\/index.php?rest_route=\/wp\/v2\/posts"}],"about":[{"href":"https:\/\/www.diarioimagen.net\/index.php?rest_route=\/wp\/v2\/types\/post"}],"author":[{"embeddable":true,"href":"https:\/\/www.diarioimagen.net\/index.php?rest_route=\/wp\/v2\/users\/3"}],"replies":[{"embeddable":true,"href":"https:\/\/www.diarioimagen.net\/index.php?rest_route=%2Fwp%2Fv2%2Fcomments&post=490286"}],"version-history":[{"count":0,"href":"https:\/\/www.diarioimagen.net\/index.php?rest_route=\/wp\/v2\/posts\/490286\/revisions"}],"wp:attachment":[{"href":"https:\/\/www.diarioimagen.net\/index.php?rest_route=%2Fwp%2Fv2%2Fmedia&parent=490286"}],"wp:term":[{"taxonomy":"category","embeddable":true,"href":"https:\/\/www.diarioimagen.net\/index.php?rest_route=%2Fwp%2Fv2%2Fcategories&post=490286"},{"taxonomy":"post_tag","embeddable":true,"href":"https:\/\/www.diarioimagen.net\/index.php?rest_route=%2Fwp%2Fv2%2Ftags&post=490286"}],"curies":[{"name":"wp","href":"https:\/\/api.w.org\/{rel}","templated":true}]}}