{"id":490289,"date":"2020-12-18T00:03:36","date_gmt":"2020-12-18T06:03:36","guid":{"rendered":"https:\/\/www.diarioimagen.net\/?p=490289"},"modified":"2020-12-18T04:51:02","modified_gmt":"2020-12-18T10:51:02","slug":"guerrero-felix-o-amilcar","status":"publish","type":"post","link":"https:\/\/www.diarioimagen.net\/?p=490289","title":{"rendered":"Guerrero: F\u00e9lix o Am\u00edlcar\u00a0"},"content":{"rendered":"<h2>Centro..!<\/h2>\n<h5>Arturo R\u00edos Ruiz<\/h5>\n<p>&nbsp;<\/p>\n<ul>\n<li><strong><em>\u201cEl Toro sin cerca\u201d ser\u00eda el bueno<\/em><\/strong><\/li>\n<li><strong><em>Campos, el futbolista, se quiere colar\u00a0<\/em><\/strong><\/li>\n<\/ul>\n<p>&nbsp;<\/p>\n<p>En Guerrero, la contienda interna de Morena se centra en dos aspirantes a la gubernatura, de los 15 registrados, F\u00e9lix Salgado Macedonio y Pablo Am\u00edlcar Sandoval, los dem\u00e1s quedaron apilados en el cesto del olvido.<\/p>\n<p>\u00bfPor qu\u00e9 Salgado Macedonio? Tiene m\u00e1s arraigo que Am\u00edlcar, as\u00ed lo define una encuestadora seria: Target Consulting lo coloca en primer lugar en las preferencias del voto, entre otros 15 aspirantes. se prev\u00e9 que en horas se oficialice la decisi\u00f3n en la sede nacional de Morena.<\/p>\n<p>En esta v\u00edspera recordamos que Pablo Am\u00edlcar Sandoval se ha ostentado con estudios en econom\u00eda, acreditados por la UNAM y el portal <em>La Silla Rota<\/em> encontr\u00f3 que su tesis apenas fue presentada este a\u00f1o, para obtener su t\u00edtulo de licenciatura.<\/p>\n<p>El ex delegado aprovech\u00f3 el confinamiento por la pandemia para concretar sus aspiraciones pol\u00edticas y, tambi\u00e9n, presentar su tesis de licenciatura. Una confesi\u00f3n t\u00e1cita que hab\u00eda mentido por ostentar un t\u00edtulo que no ten\u00eda.<\/p>\n<p>No figura en el Registro Nacional de Profesionistas de la SEP y, desde 2018, diarios locales del estado como <em>El Sol de Chilpancingo<\/em> reportaron ese hecho, cuando solicit\u00f3 licencia en el Congreso de Guerrero, para ejercer como delegado estatal del gobierno federal.<\/p>\n<p>Sabedor que no cuenta con la seguridad de la predilecci\u00f3n del respetable, Pablo Am\u00edlcar busca al futbolista acapulque\u00f1o Jorge Campos como estandarte y apoyo a su imagen y con ello atraer simpat\u00edas, pero el ex porteo, tiene otros planes:<\/p>\n<p>Campos tambi\u00e9n quiere lanzarse la gubernatura y busca partido, aunque expres\u00f3 su indecisi\u00f3n si va por \u201cla grande\u201d en el estado u otro cargo de elecci\u00f3n popular.<\/p>\n<p>En el haber de Salgado Macedonio, que varias veces ha sido diputado federal y dos veces senador, adem\u00e1s de ex alcalde Acapulco, lo conocen el 80.8 por ciento de los encuestados;\u00a0frente a un 40.2 por ciento de Pablo Am\u00edlcar, hermano de la titular de la Funci\u00f3n P\u00fablica, Irma Er\u00e9ndira Sandoval.<\/p>\n<p>Como se puede apreciar, no obstante, de que las encuestas no son del todo confiables, pues la respuesta del encuestado muchas veces obedece al estado de \u00e1nimo, es mucha la ventada que el llamado \u201cToro si cerca\u201d, le leva una enorme ventaja con el morenista.<\/p>\n<p>&nbsp;<\/p>\n<blockquote>\n<p style=\"text-align: right;\">Amigos, me doy un descanso, les deseo lo mejor en esta temporada decembrina, nos leeremos, si todo est\u00e1 bien en enero \u00a1FELIZ NAVIDAD!<\/p>\n<\/blockquote>\n<p>&nbsp;<\/p>\n<p><em><a href=\"mailto:rrrart2000@hotmail.com\" target=\"_blank\" rel=\"noopener noreferrer\">rrrart2000@hotmail.com<\/a><\/em><\/p>\n","protected":false},"excerpt":{"rendered":"<p><span style=\"color: #005497;\"><strong>Arturo R\u00edos Ruiz<\/strong><\/span><\/p>\n","protected":false},"author":3,"featured_media":0,"comment_status":"open","ping_status":"open","sticky":false,"template":"","format":"standard","meta":{"_monsterinsights_skip_tracking":false,"_monsterinsights_sitenote_active":false,"_monsterinsights_sitenote_note":"","_monsterinsights_sitenote_category":0,"footnotes":""},"categories":[82265],"tags":[82266,10806,43674],"class_list":["post-490289","post","type-post","status-publish","format-standard","hentry","category-arturo-rios-ruiz","tag-arturo-rios-ruiz","tag-centro","tag-opinion"],"_links":{"self":[{"href":"https:\/\/www.diarioimagen.net\/index.php?rest_route=\/wp\/v2\/posts\/490289","targetHints":{"allow":["GET"]}}],"collection":[{"href":"https:\/\/www.diarioimagen.net\/index.php?rest_route=\/wp\/v2\/posts"}],"about":[{"href":"https:\/\/www.diarioimagen.net\/index.php?rest_route=\/wp\/v2\/types\/post"}],"author":[{"embeddable":true,"href":"https:\/\/www.diarioimagen.net\/index.php?rest_route=\/wp\/v2\/users\/3"}],"replies":[{"embeddable":true,"href":"https:\/\/www.diarioimagen.net\/index.php?rest_route=%2Fwp%2Fv2%2Fcomments&post=490289"}],"version-history":[{"count":0,"href":"https:\/\/www.diarioimagen.net\/index.php?rest_route=\/wp\/v2\/posts\/490289\/revisions"}],"wp:attachment":[{"href":"https:\/\/www.diarioimagen.net\/index.php?rest_route=%2Fwp%2Fv2%2Fmedia&parent=490289"}],"wp:term":[{"taxonomy":"category","embeddable":true,"href":"https:\/\/www.diarioimagen.net\/index.php?rest_route=%2Fwp%2Fv2%2Fcategories&post=490289"},{"taxonomy":"post_tag","embeddable":true,"href":"https:\/\/www.diarioimagen.net\/index.php?rest_route=%2Fwp%2Fv2%2Ftags&post=490289"}],"curies":[{"name":"wp","href":"https:\/\/api.w.org\/{rel}","templated":true}]}}