{"id":490349,"date":"2020-12-21T00:01:00","date_gmt":"2020-12-21T06:01:00","guid":{"rendered":"https:\/\/www.diarioimagen.net\/?p=490349"},"modified":"2020-12-21T03:17:57","modified_gmt":"2020-12-21T09:17:57","slug":"aplican-desde-hoy-100-pruebas-covid-19-diarias-en-tultepec-en-lo-que-resta-del-ano","status":"publish","type":"post","link":"https:\/\/www.diarioimagen.net\/?p=490349","title":{"rendered":"Aplican desde hoy 100 pruebas Covid-19  diarias en Tultepec, en lo que resta del a\u00f1o"},"content":{"rendered":"<p>&nbsp;<\/p>\n<ul>\n<li><em><b>En coordinaci\u00f3n con la Jurisdicci\u00f3n Sanitaria de Cuautitl\u00e1n<\/b><\/em><\/li>\n<\/ul>\n<div id=\"attachment_490350\" style=\"width: 290px\" class=\"wp-caption alignright\"><img loading=\"lazy\" decoding=\"async\" aria-describedby=\"caption-attachment-490350\" class=\"wp-image-490350\" src=\"https:\/\/www.diarioimagen.net\/wp-content\/uploads\/2020\/12\/CAMACHO21-aPOR.jpg\" alt=\"\" width=\"280\" height=\"477\" \/><p id=\"caption-attachment-490350\" class=\"wp-caption-text\">En coordinaci\u00f3n con la Jurisdicci\u00f3n Sanitaria de Cuautitl\u00e1n, el Ayuntamiento de Tultepec aplicar\u00e1 100 pruebas r\u00e1pidas Covid-19 al p\u00fablico en general.<\/p><\/div>\n<p>&nbsp;<\/p>\n<p><strong>Tultepec, Estado de M\u00e9xico<\/strong>.- La Jurisdicci\u00f3n Sanitaria de Cuautitl\u00e1n en coordinaci\u00f3n con el Ayuntamiento de Tultepec aplicar\u00e1 100 pruebas r\u00e1pidas Covid-19 al p\u00fablico en general durante todo el mes de diciembre de lunes a viernes a partir de las 10 de la ma\u00f1ana, en m\u00f3dulos instalados frente a la Concha Ac\u00fastica del centro del municipio.<\/p>\n<p>As\u00ed lo inform\u00f3 el alcalde Marco Antonio Cruz Cruz, quien dijo que en aras de contrarrestar el elevado \u00edndice de contagios por el virus Sars-Cov2, mismo que sigue increment\u00e1ndose en esta \u00e9poca de fr\u00edo, se trabaja en coordinaci\u00f3n con el gobierno del estado en la aplicaci\u00f3n de estas pruebas r\u00e1pidas sin costo para la poblaci\u00f3n en general presentando \u00fanicamente su INE o CURP.<\/p>\n<p>Dijo que, atendiendo las disposiciones oficiales de los gobierno federal y estatal, el Ayuntamiento determin\u00f3 incrementar las medidas encaminadas a evitar la propagaci\u00f3n del virus en todo el territorio, por lo que llama a la ciudadan\u00eda en general a coadyuvar en esta encomienda, aplicando los protocolos generales de sanidad y evitando salir de casa si no es estrictamente necesario.<\/p>\n<p>Por su parte, la Qu\u00edmica Betel Pacheco, del Centro de Salud de Santa Mar\u00eda Tultepec, responsable de la aplicaci\u00f3n de las pruebas, explic\u00f3 que en la realizaci\u00f3n de las muestras en Tultepec trabajar\u00e1n al menos 11 Qu\u00edmicos por lo que resta del mes de diciembre.<\/p>\n<p>\u201cLa prueba r\u00e1pida, consiste en un hisopado nasofar\u00edngeo, que viene un tubo con un vaso con el cual se toma la prueba en nariz, y posteriormente el hisopo de algod\u00f3n se introduce en el tubo realizando una especie de lavado al hisopo el cual se sella con un cassette parecido a la prueba de embarazo, donde se vierten 5 gotas y en aproximadamente en 15 a 20 minutos se obtiene el resultado\u201d.<\/p>\n<p>Precis\u00f3 que en los casos que resultan ser positivos se les dan indicaciones precisas de resguardo en casa y de protocolos de salud, protecci\u00f3n y atenci\u00f3n personal, sobre todo de mantenerse aislados de sus familiares y de otras personas para cortar la cadena de contagios.<\/p>\n<p>&nbsp;<\/p>\n<p>&nbsp;<\/p>\n","protected":false},"excerpt":{"rendered":"<p>La Jurisdicci\u00f3n Sanitaria de Cuautitl\u00e1n en coordinaci\u00f3n con el Ayuntamiento de Tultepec aplicar\u00e1 100 pruebas r\u00e1pidas Covid-19 al p\u00fablico en general durante todo el mes de diciembre de lunes a viernes a partir de las 10 de la ma\u00f1ana, en m\u00f3dulos instalados frente a la Concha Ac\u00fastica del centro del municipio.<\/p>\n","protected":false},"author":1,"featured_media":490351,"comment_status":"open","ping_status":"open","sticky":false,"template":"","format":"standard","meta":{"_monsterinsights_skip_tracking":false,"_monsterinsights_sitenote_active":false,"_monsterinsights_sitenote_note":"","_monsterinsights_sitenote_category":0,"footnotes":""},"categories":[5],"tags":[90021,43675,43674,76247,3802],"class_list":["post-490349","post","type-post","status-publish","format-standard","has-post-thumbnail","hentry","category-estado-de-mexico","tag-covid-19","tag-estado-de-mexico","tag-opinion","tag-pruebas","tag-tultepec"],"_links":{"self":[{"href":"https:\/\/www.diarioimagen.net\/index.php?rest_route=\/wp\/v2\/posts\/490349","targetHints":{"allow":["GET"]}}],"collection":[{"href":"https:\/\/www.diarioimagen.net\/index.php?rest_route=\/wp\/v2\/posts"}],"about":[{"href":"https:\/\/www.diarioimagen.net\/index.php?rest_route=\/wp\/v2\/types\/post"}],"author":[{"embeddable":true,"href":"https:\/\/www.diarioimagen.net\/index.php?rest_route=\/wp\/v2\/users\/1"}],"replies":[{"embeddable":true,"href":"https:\/\/www.diarioimagen.net\/index.php?rest_route=%2Fwp%2Fv2%2Fcomments&post=490349"}],"version-history":[{"count":0,"href":"https:\/\/www.diarioimagen.net\/index.php?rest_route=\/wp\/v2\/posts\/490349\/revisions"}],"wp:featuredmedia":[{"embeddable":true,"href":"https:\/\/www.diarioimagen.net\/index.php?rest_route=\/wp\/v2\/media\/490351"}],"wp:attachment":[{"href":"https:\/\/www.diarioimagen.net\/index.php?rest_route=%2Fwp%2Fv2%2Fmedia&parent=490349"}],"wp:term":[{"taxonomy":"category","embeddable":true,"href":"https:\/\/www.diarioimagen.net\/index.php?rest_route=%2Fwp%2Fv2%2Fcategories&post=490349"},{"taxonomy":"post_tag","embeddable":true,"href":"https:\/\/www.diarioimagen.net\/index.php?rest_route=%2Fwp%2Fv2%2Ftags&post=490349"}],"curies":[{"name":"wp","href":"https:\/\/api.w.org\/{rel}","templated":true}]}}