{"id":490436,"date":"2020-12-21T00:05:28","date_gmt":"2020-12-21T06:05:28","guid":{"rendered":"https:\/\/www.diarioimagen.net\/?p=490436"},"modified":"2020-12-23T04:08:18","modified_gmt":"2020-12-23T10:08:18","slug":"se-esperan-de-3-a-6-meses-duros-aun-con-vacuna-advierte-oms","status":"publish","type":"post","link":"https:\/\/www.diarioimagen.net\/?p=490436","title":{"rendered":"Se esperan de 3 a 6 meses duros, aun con vacuna, advierte OMS"},"content":{"rendered":"<p>&nbsp;<\/p>\n<ul>\n<li><em><strong>\u201cM\u00e9xico nunca sali\u00f3 de la primera oleada\u201d<\/strong><\/em><\/li>\n<\/ul>\n<p>&nbsp;<\/p>\n<div id=\"attachment_490487\" style=\"width: 470px\" class=\"wp-caption aligncenter\"><a href=\"https:\/\/www.diarioimagen.net\/?attachment_id=490487\" rel=\"attachment wp-att-490487\"><img loading=\"lazy\" decoding=\"async\" aria-describedby=\"caption-attachment-490487\" class=\"size-full wp-image-490487\" src=\"https:\/\/www.diarioimagen.net\/wp-content\/uploads\/2020\/12\/OMS-PANDEMIA.jpg\" alt=\"\" width=\"460\" height=\"270\" \/><\/a><p id=\"caption-attachment-490487\" class=\"wp-caption-text\">Los pr\u00f3ximos meses de pandemia ser\u00e1n duros, pronostic\u00f3 la Organizaci\u00f3n Mundial de la Salud.<\/p><\/div>\n<p>&nbsp;<\/p>\n<p>Aun con la llegada de vacunas contra Covid-19, los pr\u00f3ximos tres a seis meses de pandemia ser\u00e1n duros, pronostic\u00f3 Mike Ryan, director de Emergencias Sanitarias de la Organizaci\u00f3n Mundial de la Salud (OMS).<\/p>\n<p>\u201cLa vacuna es motivo de esperanza y debemos celebrarla, pero los pr\u00f3ximos tres o seis meses van a ser duros, en los pa\u00edses que tienen una intensa transmisi\u00f3n del virus van a ver que \u00e9sta se intensifica\u201d, asegur\u00f3 Ryan en rueda de prensa, al pregunt\u00e1rsele por el aumento de los casos en pa\u00edses como M\u00e9xico.<\/p>\n<p>Mientras tanto, los pa\u00edses que han tenido un buen control en la enfermedad \u201cpueden luchar para mantener ese control\u201d, agreg\u00f3.<\/p>\n<p>Sobre las \u00faltimas cifras registradas en M\u00e9xico y Brasil, y otros pa\u00edses en el centro y sur de Am\u00e9rica \u201chemos visto que un aumento preocupante\u201d.<\/p>\n<p>\u201cDe hecho, M\u00e9xico, como otros pa\u00edses en Norte Am\u00e9rica nunca realmente salieron de su primera ola\u201d, afirm\u00f3 y puntualiz\u00f3 que se las arregl\u00f3 (nuestro p\u00eds) para obtener alg\u00fan grado de control y la enfermedad ha vuelto a surgir en muchos lugares. \u201cHemos visto ese mismo fen\u00f3meno pasa en otros pa\u00edses como Brasil y Estados Unidos\u201d.<\/p>\n<p>Ryan explic\u00f3 que m\u00e1s de tres cuartas partes de los casos que estamos viendo a nivel mundial ahora est\u00e1n ocurriendo en las Am\u00e9ricas. \u201cEs un periodo muy, muy alto e intenso (el que se vive en esta regi\u00f3n)\u201d.<\/p>\n<p>Destac\u00f3 que realmente, la regi\u00f3n tiene que ser capaz de implementar todas las medidas que son necesarias, teniendo la coordinaci\u00f3n y la gobernanza, con un enfoque de hacerlo todo en t\u00e9rminos de salud p\u00fablica sobre las medidas sociales, asesoramiento a las personas sobre el uso de los cubrebocas y la higiene de las personas.<\/p>\n<p>Ryan advirti\u00f3 que \u201cel \u00e9xito pasado no es garant\u00eda de que haya \u00e9xito en el futuro\u201d a la hora de contener la pandemia, y se\u00f1al\u00f3 que incluso cuando se cuente con las vacunas al principio \u201cno se tendr\u00e1n en un n\u00famero suficiente como para poder evitar los contagios\u201d.<\/p>\n","protected":false},"excerpt":{"rendered":"<p>Aun con la llegada de vacunas contra Covid-19, los pr\u00f3ximos tres a seis meses de pandemia ser\u00e1n duros, pronostic\u00f3 Mike Ryan, director de Emergencias Sanitarias de la Organizaci\u00f3n Mundial de la Salud (OMS).<\/p>\n","protected":false},"author":3,"featured_media":490487,"comment_status":"open","ping_status":"open","sticky":false,"template":"","format":"standard","meta":{"_monsterinsights_skip_tracking":false,"_monsterinsights_sitenote_active":false,"_monsterinsights_sitenote_note":"","_monsterinsights_sitenote_category":0,"footnotes":""},"categories":[9],"tags":[92095,75810,4559,7133,29516,91772,43692,4713],"class_list":["post-490436","post","type-post","status-publish","format-standard","has-post-thumbnail","hentry","category-mundo","tag-duros","tag-meses","tag-oms","tag-organizacion-mundial-de-la-salud","tag-pandemia","tag-repunte","tag-salud","tag-vacuna"],"_links":{"self":[{"href":"https:\/\/www.diarioimagen.net\/index.php?rest_route=\/wp\/v2\/posts\/490436","targetHints":{"allow":["GET"]}}],"collection":[{"href":"https:\/\/www.diarioimagen.net\/index.php?rest_route=\/wp\/v2\/posts"}],"about":[{"href":"https:\/\/www.diarioimagen.net\/index.php?rest_route=\/wp\/v2\/types\/post"}],"author":[{"embeddable":true,"href":"https:\/\/www.diarioimagen.net\/index.php?rest_route=\/wp\/v2\/users\/3"}],"replies":[{"embeddable":true,"href":"https:\/\/www.diarioimagen.net\/index.php?rest_route=%2Fwp%2Fv2%2Fcomments&post=490436"}],"version-history":[{"count":0,"href":"https:\/\/www.diarioimagen.net\/index.php?rest_route=\/wp\/v2\/posts\/490436\/revisions"}],"wp:featuredmedia":[{"embeddable":true,"href":"https:\/\/www.diarioimagen.net\/index.php?rest_route=\/wp\/v2\/media\/490487"}],"wp:attachment":[{"href":"https:\/\/www.diarioimagen.net\/index.php?rest_route=%2Fwp%2Fv2%2Fmedia&parent=490436"}],"wp:term":[{"taxonomy":"category","embeddable":true,"href":"https:\/\/www.diarioimagen.net\/index.php?rest_route=%2Fwp%2Fv2%2Fcategories&post=490436"},{"taxonomy":"post_tag","embeddable":true,"href":"https:\/\/www.diarioimagen.net\/index.php?rest_route=%2Fwp%2Fv2%2Ftags&post=490436"}],"curies":[{"name":"wp","href":"https:\/\/api.w.org\/{rel}","templated":true}]}}