{"id":490786,"date":"2020-12-23T00:08:21","date_gmt":"2020-12-23T06:08:21","guid":{"rendered":"https:\/\/www.diarioimagen.net\/?p=490786"},"modified":"2020-12-24T06:37:44","modified_gmt":"2020-12-24T12:37:44","slug":"aeropuertos-en-manos-de-militares","status":"publish","type":"post","link":"https:\/\/www.diarioimagen.net\/?p=490786","title":{"rendered":"Aeropuertos en manos de militares"},"content":{"rendered":"<h2>Detr\u00e1s del Poder<\/h2>\n<h5>Jos\u00e9 Antonio L\u00f3pez Sosa<\/h5>\n<p>&nbsp;<\/p>\n<p>Cuatro aeropuertos se tienen previstos, sean operados por una empresa perteneciente a las fuerzas armadas, as\u00ed lo describi\u00f3 el presidente L\u00f3pez Obrador.<\/p>\n<p>Se trata del aeropuerto de Chetumal (actualmente operado por ASA), el Felipe \u00c1ngeles (Santa Luc\u00eda), el de Palenque (operado por el estado de Chiapas y ASA) y el que se construir\u00e1 en Tulum.<\/p>\n<p>Le\u00ed comentarios con relaci\u00f3n a que se militarizan los aeropuertos, no me parece as\u00ed, se trata de s\u00f3lo cuatro del universo de aeropuertos en M\u00e9xico.<\/p>\n<p>Ahora bien, si tenemos en M\u00e9xico un organismo denominado Aeropuertos y Servicios Auxiliares (ASA), dependiente de la Secretar\u00eda de Comunicaciones y Transportes (SCT) encargado de la administraci\u00f3n aeroportuaria en el pa\u00eds, \u00bfpor qu\u00e9 meter a la milicia en la operaci\u00f3n de ellos?<\/p>\n<p>ASA administr\u00f3 todos los aeropuertos del pa\u00eds hasta si privatizaci\u00f3n, actualmente opera y administra 16 aeropuertos en el pa\u00eds: Campeche, Ciudad del Carmen, Ciudad Obreg\u00f3n, Ciudad Victoria, Chetumal, Colima, Guaymas, Ixtepec, Loreto, Matamoros, Nogales, Nuevo Laredo, Poza Rica, Puebla, Puerto Escondido, Tamu\u00edn, Tehuac\u00e1n, Tepic e Uruapan; evidentemente, las concesiones que ning\u00fan grupo aeroportuario quiso. Adem\u00e1s opera en sociedad los aeropuertos de Tuxtla Guti\u00e9rrez, Cuernavaca, Quer\u00e9taro, Toluca y el de Palenque, previsto para pasar a manos de la milicia.<\/p>\n<p>\u00bfPor qu\u00e9 \u2013insisto- crear otro organismo si ya existe uno que desde 1965 construye, opera y administra aeropuertos en la federaci\u00f3n?.<\/p>\n<p style=\"text-align: center;\"><strong>\u00a0Y&#8230; \u00bfAsur?<\/strong><\/p>\n<p>La empresa de Fernando Chico Pardo, Asur, tiene concesionado el Aeropuerto de Canc\u00fan, cercano al proyecto de Tulum. En la administraci\u00f3n del presidente Calder\u00f3n, cuando se plante\u00f3 esta construcci\u00f3n el se\u00f1or Chico Pardo se ampar\u00f3 para evitar la obra.<\/p>\n<p>Hasta el libre mercado se queja del libre mercado.<\/p>\n<p>Despu\u00e9s se desisti\u00f3, entr\u00f3 en la licitaci\u00f3n, se declar\u00f3 desierta y todo qued\u00f3 ah\u00ed. \u00bfQu\u00e9 dir\u00e1n en Asur con relaci\u00f3n a recibir un nuevo competidor?, sobre todo entendiendo que no les gusta la competencia.<\/p>\n<p><em><a href=\"http:\/\/www.lopezsosa.com\" target=\"_blank\" rel=\"noopener noreferrer\">www.lopezsosa.com<\/a><\/em><br \/>\n<em><a href=\"mailto:joseantonio@lopezsosa.com\" target=\"_blank\" rel=\"noopener noreferrer\">joseantonio@lopezsosa.com<\/a><\/em><br \/>\n<em><a href=\"http:\/\/twitter.com\/joseantonio1977\" target=\"_blank\" rel=\"noopener noreferrer\">@joseantonio1977<\/a><\/em><\/p>\n","protected":false},"excerpt":{"rendered":"<p><span style=\"color: #005497;\"><strong>Jos\u00e9 Antonio L\u00f3pez Sosa<\/strong><\/span><\/p>\n","protected":false},"author":3,"featured_media":0,"comment_status":"open","ping_status":"open","sticky":false,"template":"","format":"standard","meta":{"_monsterinsights_skip_tracking":false,"_monsterinsights_sitenote_active":false,"_monsterinsights_sitenote_note":"","_monsterinsights_sitenote_category":0,"footnotes":""},"categories":[637],"tags":[638,43690,43674],"class_list":["post-490786","post","type-post","status-publish","format-standard","hentry","category-jose-antonio-lopez-sosa","tag-detras-del-poder","tag-jose-antonio-lopez-sosa","tag-opinion"],"_links":{"self":[{"href":"https:\/\/www.diarioimagen.net\/index.php?rest_route=\/wp\/v2\/posts\/490786","targetHints":{"allow":["GET"]}}],"collection":[{"href":"https:\/\/www.diarioimagen.net\/index.php?rest_route=\/wp\/v2\/posts"}],"about":[{"href":"https:\/\/www.diarioimagen.net\/index.php?rest_route=\/wp\/v2\/types\/post"}],"author":[{"embeddable":true,"href":"https:\/\/www.diarioimagen.net\/index.php?rest_route=\/wp\/v2\/users\/3"}],"replies":[{"embeddable":true,"href":"https:\/\/www.diarioimagen.net\/index.php?rest_route=%2Fwp%2Fv2%2Fcomments&post=490786"}],"version-history":[{"count":0,"href":"https:\/\/www.diarioimagen.net\/index.php?rest_route=\/wp\/v2\/posts\/490786\/revisions"}],"wp:attachment":[{"href":"https:\/\/www.diarioimagen.net\/index.php?rest_route=%2Fwp%2Fv2%2Fmedia&parent=490786"}],"wp:term":[{"taxonomy":"category","embeddable":true,"href":"https:\/\/www.diarioimagen.net\/index.php?rest_route=%2Fwp%2Fv2%2Fcategories&post=490786"},{"taxonomy":"post_tag","embeddable":true,"href":"https:\/\/www.diarioimagen.net\/index.php?rest_route=%2Fwp%2Fv2%2Ftags&post=490786"}],"curies":[{"name":"wp","href":"https:\/\/api.w.org\/{rel}","templated":true}]}}