{"id":490862,"date":"2020-12-24T00:33:38","date_gmt":"2020-12-24T06:33:38","guid":{"rendered":"https:\/\/www.diarioimagen.net\/?p=490862"},"modified":"2020-12-24T23:07:39","modified_gmt":"2020-12-25T05:07:39","slug":"ni-el-semaforo-rojo-epidemiologico-para-a-los-capitalinos","status":"publish","type":"post","link":"https:\/\/www.diarioimagen.net\/?p=490862","title":{"rendered":"Ni el sem\u00e1foro rojo epidemiol\u00f3gico para a los capitalinos"},"content":{"rendered":"<p>&nbsp;<\/p>\n<h3 style=\"text-align: center;\">Desaf\u00edan al coronavirus<\/h3>\n<p>&nbsp;<\/p>\n<div id=\"attachment_490876\" style=\"width: 470px\" class=\"wp-caption aligncenter\"><a href=\"https:\/\/www.diarioimagen.net\/?attachment_id=490876\" rel=\"attachment wp-att-490876\"><img loading=\"lazy\" decoding=\"async\" aria-describedby=\"caption-attachment-490876\" class=\"size-full wp-image-490876\" src=\"https:\/\/www.diarioimagen.net\/wp-content\/uploads\/2020\/12\/aglomeraciones.jpg\" alt=\"\" width=\"460\" height=\"270\" \/><\/a><p id=\"caption-attachment-490876\" class=\"wp-caption-text\">La mayor\u00eda de los comercios establecidos cerr\u00f3, pero los ambulantes siguen en las calles para ofrecer su mercanc\u00eda a miles de personas que acuden al Centro Hist\u00f3rico.<\/p><\/div>\n<p>&nbsp;<\/p>\n<p>Nada para la movilidad en el Centro Hist\u00f3rico, ni el sem\u00e1foro rojo por Covid-19.<\/p>\n<p>Con la m\u00e1xima alerta sanitaria desde el pasado fin de semana en el Valle de M\u00e9xico, la mayor\u00eda de los comercios establecidos cerr\u00f3, pero los ambulantes siguen en las calles para ofrecer su mercanc\u00eda a miles de personas que acuden al Centro Hist\u00f3rico de la Ciudad de M\u00e9xico para sus compras navide\u00f1as.<\/p>\n<p>La cantidad de transe\u00fantes y comerciantes en la v\u00eda p\u00fablica que \u201ctoreaban\u201d fue creciendo de tal manera que la Secretar\u00eda de Gobierno activ\u00f3 operativos para retirarlos y evitar aglomeraciones moment\u00e1neamente, pero de nada sirvi\u00f3, la gente contin\u00faa en la calle, pese a la emergencia sanitaria.<\/p>\n<p>Si bien afirmaron que hab\u00eda menos gente que la semana anterior, \u201ca\u00fan hay mucha\u201d, comentaron asistentes a al Centro Hist\u00f3rico. Tambi\u00e9n las terminales 1 y 2 del Aeropuerto Internacional de la Ciudad de M\u00e9xico est\u00e1n llenas de personas sin respetar la sana distancia y una parte sin portar cubrebocas. \u201cAyer que vine s\u00ed me sorprendi\u00f3 porque se supone que el sem\u00e1foro rojo empez\u00f3 desde el s\u00e1bado. Pero ahorita veo que hay m\u00e1s gente y se supone que ya no tendr\u00eda que haber\u201d, dijo el domingo la se\u00f1ora Mar\u00eda.<\/p>\n<p>En los primeros de los 23 d\u00edas del sem\u00e1foro rojo, la afluencia de personas fue constante no s\u00f3lo en el primer cuadro y sus alrededores, tambi\u00e9n en tianguis y tiendas de autoservicio en la Ciudad de M\u00e9xico y Estado de M\u00e9xico, donde las filas para entrar a locales de alimentos eran largas.<\/p>\n<p>En calles como Pino Su\u00e1rez, Eje Central L\u00e1zaro C\u00e1rdenas, 5 de Mayo, la gente ha intentado llegar a los negocios del primer cuadro del centro hist\u00f3rico, sin embargo, la mayor\u00eda permanecen cerrados por las nuevas disposiciones sanitarias.<\/p>\n<p>Sobre la calle Balderas se han registrado tumultos de personas puesto que el mercado ambulante \u00abComic Rock Show\u00bb se instal\u00f3 este s\u00e1bado y la autoridad no lo ha retirado. En las tiendas Elektra, que pueden estar abiertas porque hay servicios bancarios, hay largas filas para las cajas.<\/p>\n<p>En tanto, en el Aeropuerto Internacional de la Ciudad de M\u00e9xico (AICM) tambi\u00e9n ha mostrado saturaci\u00f3n en las salas de espera, por la gente que compr\u00f3 boletos para las festividades decembrinas que inician este jueves.<\/p>\n<p style=\"text-align: center;\"><strong>Movilidad disminuir\u00e1 de forma gradual, dice Sheinbaum<\/strong><\/p>\n<p>Despu\u00e9s de que este fin de semana se siguieran registrando aglomeraciones en el Centro Hist\u00f3rico de la Ciudad de M\u00e9xico, pese a la entrada del sem\u00e1foro rojo, la jefa de Gobierno, Claudia Sheinbaum, asegur\u00f3 que en los pr\u00f3ximos d\u00edas, de manera gradual ir\u00e1 disminuyendo la afluencia de personas y el cierre de negocios se ir\u00e1 ajustando.<\/p>\n<p>\u201cSe va a ir notando cada d\u00eda una disminuci\u00f3n muy importante en la movilidad en la ciudad, se va a notar y va a ir cumpliendo cada vez m\u00e1s la ciudadan\u00eda\u00bb, dijo.<\/p>\n<p>\u201cSe decret\u00f3 el sem\u00e1foro rojo a partir del s\u00e1bado, pero entendemos que se requieran algunos d\u00edas para ajustarlo. Y el Invea est\u00e1 en este momento solamente apercibiendo, informando y si hay negligencia, pues tendr\u00e1 que en entrar a un proceso de suspensi\u00f3n de actividades\u201d, indic\u00f3.<\/p>\n<p>La mandataria capitalina defendi\u00f3 que si bien algunas zonas del primer cuadro de la ciudad lucieron con gente, en algunas otras disminuy\u00f3 la movilidad.<\/p>\n<p>\u201cAyer por Circunvalaci\u00f3n y toda esta zona cerca de la Merced, que tradicionalmente el Mercado de Sonora tiene una actividad muy grande, hubo una disminuci\u00f3n muy significativa, hubo otras zonas en la ciudad que no fue tanto, pero se va a ir ajustando\u201d, se\u00f1al\u00f3 este domingo.<\/p>\n<p>Indic\u00f3 que los tianguis o romer\u00edas no quedar\u00e1n prohibidos, sino que tambi\u00e9n se ajustar\u00e1n con reducci\u00f3n de horarios y venta de comida s\u00f3lo para llevar.<\/p>\n","protected":false},"excerpt":{"rendered":"<p>Nada para la movilidad en el Centro Hist\u00f3rico, ni el sem\u00e1foro rojo por Covid-19. Con la m\u00e1xima alerta sanitaria desde el pasado fin de semana en el Valle de M\u00e9xico, la mayor\u00eda de los comercios establecidos cerr\u00f3, pero los ambulantes siguen en las calles para ofrecer su mercanc\u00eda a miles de personas que acuden al Centro Hist\u00f3rico de la Ciudad de M\u00e9xico para sus compras navide\u00f1as.<\/p>\n","protected":false},"author":3,"featured_media":490876,"comment_status":"open","ping_status":"open","sticky":false,"template":"","format":"standard","meta":{"_monsterinsights_skip_tracking":false,"_monsterinsights_sitenote_active":false,"_monsterinsights_sitenote_note":"","_monsterinsights_sitenote_category":0,"footnotes":""},"categories":[6],"tags":[29516,92121],"class_list":["post-490862","post","type-post","status-publish","format-standard","has-post-thumbnail","hentry","category-cd-de-mexico","tag-pandemia","tag-semaforo-rojo-epidemiologico"],"_links":{"self":[{"href":"https:\/\/www.diarioimagen.net\/index.php?rest_route=\/wp\/v2\/posts\/490862","targetHints":{"allow":["GET"]}}],"collection":[{"href":"https:\/\/www.diarioimagen.net\/index.php?rest_route=\/wp\/v2\/posts"}],"about":[{"href":"https:\/\/www.diarioimagen.net\/index.php?rest_route=\/wp\/v2\/types\/post"}],"author":[{"embeddable":true,"href":"https:\/\/www.diarioimagen.net\/index.php?rest_route=\/wp\/v2\/users\/3"}],"replies":[{"embeddable":true,"href":"https:\/\/www.diarioimagen.net\/index.php?rest_route=%2Fwp%2Fv2%2Fcomments&post=490862"}],"version-history":[{"count":0,"href":"https:\/\/www.diarioimagen.net\/index.php?rest_route=\/wp\/v2\/posts\/490862\/revisions"}],"wp:featuredmedia":[{"embeddable":true,"href":"https:\/\/www.diarioimagen.net\/index.php?rest_route=\/wp\/v2\/media\/490876"}],"wp:attachment":[{"href":"https:\/\/www.diarioimagen.net\/index.php?rest_route=%2Fwp%2Fv2%2Fmedia&parent=490862"}],"wp:term":[{"taxonomy":"category","embeddable":true,"href":"https:\/\/www.diarioimagen.net\/index.php?rest_route=%2Fwp%2Fv2%2Fcategories&post=490862"},{"taxonomy":"post_tag","embeddable":true,"href":"https:\/\/www.diarioimagen.net\/index.php?rest_route=%2Fwp%2Fv2%2Ftags&post=490862"}],"curies":[{"name":"wp","href":"https:\/\/api.w.org\/{rel}","templated":true}]}}