{"id":490934,"date":"2020-12-25T00:07:03","date_gmt":"2020-12-25T06:07:03","guid":{"rendered":"https:\/\/www.diarioimagen.net\/?p=490934"},"modified":"2020-12-25T00:17:39","modified_gmt":"2020-12-25T06:17:39","slug":"descanse-en-paz-juan-bustillos-orozco-director-del-diario-impacto","status":"publish","type":"post","link":"https:\/\/www.diarioimagen.net\/?p=490934","title":{"rendered":"Descanse en paz Juan Bustillos Orozco, director del diario <em>Impacto<\/em>"},"content":{"rendered":"<h2>\u00a1Que conste,.. son reflexiones!<\/h2>\n<h5>S\u00f3crates A. Campos Lemus<\/h5>\n<p><em>\u00a0<\/em><\/p>\n<p><em>NUESTRO HERMANO Y DIRECTOR DE <strong>IMPACTO,<\/strong> DIARIO Y REVISTA, MURI\u00d3 COMO QUER\u00cdA, EN UN D\u00cdA DE SOLSTICIO DE INVIERNO, TIEMPO DE FINAL Y DE INICIO DE ETAPAS, MURI\u00d3 EN SU OFICINA CON EL ARROPAMIENTO DE SUS INSTALACIONES A LAS QUE TANTO DEDIC\u00d3 Y AM\u00d3, LES SOBREVIVEN SUS HIJOS Y ESPOSA Y TODOS NOSTROS, QUE ERAMOS SUS HERMANOS, A LOS QUE SIEMPRE ATEND\u00cdA Y CUIDABA Y, SOBRE TODO, DABA LA LIBERTAD ABSOLUTA PARA DECIR LO QUE QUER\u00cdAMOS SIEMPRE Y CUANDO TUVI\u00c9RAMOS RAZ\u00d3N Y VERDAD.<\/em><\/p>\n<p>Me encuentro en Oaxaca, Oaxaca, hace apenas unos d\u00edas le escrib\u00eda que tra\u00eda algunos malestares cardiacos y que los resultados me obligar\u00edan a implantar un stern en una arteria y que andaba buscando la forma de internarme en el Hospital de Especialidades de Oaxaca, porque es un hospital de servicio p\u00fablico, para jodidos, y porque adem\u00e1s cuenta con excelentes instalaciones y buenos especialistas. Como siempre me dijo que deber\u00eda cuidarme mucho y bajar de peso y que estar\u00eda al pendiente de cualquier cosa necesaria para apoyar y eso era lo mejor, la amistad profunda y el cari\u00f1o amable y sincero, ahora, deja un enorme hueco y sin duda, uno de sus hijos seguir\u00e1 sus pasos como lo que son: los soldados de la libertad de prensa.<\/p>\n<p>Muchos de sus camaradas estamos, pues, de luto y tristes, sabemos que todo tiene un tiempo y nada es permanente, ahora, entiendo que en su foto del WhatsApp siempre aparec\u00eda con su madre, Do\u00f1a Clementina, d\u00e1ndole la bendici\u00f3n, hablamos mucho de ellas, mi madre tambi\u00e9n se llamaba Clementina y era fuerte y amorosa a su manera, pero solidaria a todo con gran fuerza y amor a los suyos. Ahora, lo veremos solamente en recuerdos, de muchas an\u00e9cdotas y a lo mejor secretos y datos que ten\u00eda siempre como solamente \u00e9l los pod\u00eda tener con ese talento de periodista que jam\u00e1s dej\u00f3 un solo minuto de trabajar y por ello recordaba siempre lo vivido con muchos personajes de alto nivel a los que respeto y guard\u00f3 muchos de sus secretos y por el respeto a ellos y sus familias. Como lo ense\u00f1ara siempre don Pancho Galindo Ochoa y su amigo de vida y destino, Javier Garc\u00eda Paniagua, y otros muchos.<\/p>\n<p>Descanse en paz porque a lo mejor es lo que ya necesitaba con esa sonrisa de la que se desped\u00eda: cu\u00eddate mucho porque nos haces falta y ahora, \u00e9l nos hace mucha falta.<\/p>\n<p><em><a href=\"mailto:socrates_campos8@yahoo.com.mx\" target=\"_blank\" rel=\"noopener noreferrer\">socrates_campos8@yahoo.com.mx<\/a><\/em><\/p>\n","protected":false},"excerpt":{"rendered":"<p><span style=\"color: #005497;\"><strong>S\u00f3crates A. Campos Lemus<\/strong><\/span><\/p>\n","protected":false},"author":3,"featured_media":0,"comment_status":"open","ping_status":"open","sticky":false,"template":"","format":"standard","meta":{"_monsterinsights_skip_tracking":false,"_monsterinsights_sitenote_active":false,"_monsterinsights_sitenote_note":"","_monsterinsights_sitenote_category":0,"footnotes":""},"categories":[82147],"tags":[82149,43674,82150,82148],"class_list":["post-490934","post","type-post","status-publish","format-standard","hentry","category-socrates-a-campos-lemus","tag-son-reflexiones","tag-opinion","tag-socrates-a-campos-lemus","tag-que-conste"],"_links":{"self":[{"href":"https:\/\/www.diarioimagen.net\/index.php?rest_route=\/wp\/v2\/posts\/490934","targetHints":{"allow":["GET"]}}],"collection":[{"href":"https:\/\/www.diarioimagen.net\/index.php?rest_route=\/wp\/v2\/posts"}],"about":[{"href":"https:\/\/www.diarioimagen.net\/index.php?rest_route=\/wp\/v2\/types\/post"}],"author":[{"embeddable":true,"href":"https:\/\/www.diarioimagen.net\/index.php?rest_route=\/wp\/v2\/users\/3"}],"replies":[{"embeddable":true,"href":"https:\/\/www.diarioimagen.net\/index.php?rest_route=%2Fwp%2Fv2%2Fcomments&post=490934"}],"version-history":[{"count":0,"href":"https:\/\/www.diarioimagen.net\/index.php?rest_route=\/wp\/v2\/posts\/490934\/revisions"}],"wp:attachment":[{"href":"https:\/\/www.diarioimagen.net\/index.php?rest_route=%2Fwp%2Fv2%2Fmedia&parent=490934"}],"wp:term":[{"taxonomy":"category","embeddable":true,"href":"https:\/\/www.diarioimagen.net\/index.php?rest_route=%2Fwp%2Fv2%2Fcategories&post=490934"},{"taxonomy":"post_tag","embeddable":true,"href":"https:\/\/www.diarioimagen.net\/index.php?rest_route=%2Fwp%2Fv2%2Ftags&post=490934"}],"curies":[{"name":"wp","href":"https:\/\/api.w.org\/{rel}","templated":true}]}}