{"id":490985,"date":"2020-12-28T00:01:54","date_gmt":"2020-12-28T06:01:54","guid":{"rendered":"https:\/\/www.diarioimagen.net\/?p=490985"},"modified":"2020-12-28T03:18:10","modified_gmt":"2020-12-28T09:18:10","slug":"cuenta-proteccion-civil-de-tlalnepantla-con-tecnologia-de-ultima-generacion","status":"publish","type":"post","link":"https:\/\/www.diarioimagen.net\/?p=490985","title":{"rendered":"Cuenta Protecci\u00f3n Civil de Tlalnepantla con tecnolog\u00eda de \u00faltima generaci\u00f3n"},"content":{"rendered":"<p>&nbsp;<\/p>\n<p><b><img loading=\"lazy\" decoding=\"async\" class=\"aligncenter size-full wp-image-490986\" src=\"https:\/\/www.diarioimagen.net\/wp-content\/uploads\/2020\/12\/CAMACHO28-dPOR.jpg\" alt=\"\" width=\"460\" height=\"270\" \/><\/b><\/p>\n<p>&nbsp;<\/p>\n<p><strong>Tlalnepantla, Estado de M\u00e9xico<\/strong><b>.-<\/b> La Coordinaci\u00f3n Municipal de Protecci\u00f3n Civil de Nuestra Ciudad cuenta con un cami\u00f3n autobomba con tecnolog\u00eda de \u00faltima generaci\u00f3n, un carro bomba 4&#215;4 que facilita el acceso a lugares escarpados y equipos de protecci\u00f3n personal para bomberas y bomberos.<\/p>\n<p>Durante este a\u00f1o, el gobierno de Tlalnepantla adquiri\u00f3 un carro bomba 4&#215;4 para la estaci\u00f3n de bomberos ubicada en la parte oriente del municipio, con un equipo que permite atender emergencias el\u00e9ctricas, accidentes vehiculares y rescate en alturas, ya que facilita el acceso a lugares escarpados por la tracci\u00f3n en las cuatro llantas.<\/p>\n","protected":false},"excerpt":{"rendered":"<p>La Coordinaci\u00f3n Municipal de Protecci\u00f3n Civil de Nuestra Ciudad cuenta con un cami\u00f3n autobomba con tecnolog\u00eda de \u00faltima generaci\u00f3n, un carro bomba 4&#215;4 que facilita el acceso a lugares escarpados y equipos de protecci\u00f3n personal para bomberas y bomberos.<\/p>\n","protected":false},"author":1,"featured_media":490986,"comment_status":"open","ping_status":"open","sticky":false,"template":"","format":"standard","meta":{"_monsterinsights_skip_tracking":false,"_monsterinsights_sitenote_active":false,"_monsterinsights_sitenote_note":"","_monsterinsights_sitenote_category":0,"footnotes":""},"categories":[5],"tags":[43675,57,169],"class_list":["post-490985","post","type-post","status-publish","format-standard","has-post-thumbnail","hentry","category-estado-de-mexico","tag-estado-de-mexico","tag-proteccion-civil","tag-tlalnepantla"],"_links":{"self":[{"href":"https:\/\/www.diarioimagen.net\/index.php?rest_route=\/wp\/v2\/posts\/490985","targetHints":{"allow":["GET"]}}],"collection":[{"href":"https:\/\/www.diarioimagen.net\/index.php?rest_route=\/wp\/v2\/posts"}],"about":[{"href":"https:\/\/www.diarioimagen.net\/index.php?rest_route=\/wp\/v2\/types\/post"}],"author":[{"embeddable":true,"href":"https:\/\/www.diarioimagen.net\/index.php?rest_route=\/wp\/v2\/users\/1"}],"replies":[{"embeddable":true,"href":"https:\/\/www.diarioimagen.net\/index.php?rest_route=%2Fwp%2Fv2%2Fcomments&post=490985"}],"version-history":[{"count":0,"href":"https:\/\/www.diarioimagen.net\/index.php?rest_route=\/wp\/v2\/posts\/490985\/revisions"}],"wp:featuredmedia":[{"embeddable":true,"href":"https:\/\/www.diarioimagen.net\/index.php?rest_route=\/wp\/v2\/media\/490986"}],"wp:attachment":[{"href":"https:\/\/www.diarioimagen.net\/index.php?rest_route=%2Fwp%2Fv2%2Fmedia&parent=490985"}],"wp:term":[{"taxonomy":"category","embeddable":true,"href":"https:\/\/www.diarioimagen.net\/index.php?rest_route=%2Fwp%2Fv2%2Fcategories&post=490985"},{"taxonomy":"post_tag","embeddable":true,"href":"https:\/\/www.diarioimagen.net\/index.php?rest_route=%2Fwp%2Fv2%2Ftags&post=490985"}],"curies":[{"name":"wp","href":"https:\/\/api.w.org\/{rel}","templated":true}]}}