{"id":490991,"date":"2020-12-28T00:03:05","date_gmt":"2020-12-28T06:03:05","guid":{"rendered":"https:\/\/www.diarioimagen.net\/?p=490991"},"modified":"2020-12-28T00:24:30","modified_gmt":"2020-12-28T06:24:30","slug":"huixquilucan-aplicara-descuentos-en-impuesto-predial-a-partir-del-4-de-enero","status":"publish","type":"post","link":"https:\/\/www.diarioimagen.net\/?p=490991","title":{"rendered":"Huixquilucan aplicar\u00e1 descuentos en impuesto predial a partir del 4 de enero"},"content":{"rendered":"<p>&nbsp;<\/p>\n<ul>\n<li><em><b>Apoyos por pago anual anticipado<\/b><\/em><\/li>\n<\/ul>\n<p>&nbsp;<\/p>\n<div id=\"attachment_490992\" style=\"width: 470px\" class=\"wp-caption aligncenter\"><img loading=\"lazy\" decoding=\"async\" aria-describedby=\"caption-attachment-490992\" class=\"size-full wp-image-490992\" src=\"https:\/\/www.diarioimagen.net\/wp-content\/uploads\/2020\/12\/CAMACHO28-bPOR.jpg\" alt=\"\" width=\"460\" height=\"270\" \/><p id=\"caption-attachment-490992\" class=\"wp-caption-text\">Huxquilucan aplicar\u00e1 descuentos del 8, 6 y 4 por ciento, por el pago anual anticipado del impuesto predial, durante los meses de enero, febrero y marzo.<\/p><\/div>\n<p>&nbsp;<\/p>\n<p><strong>Huixquilucan, Estado de M\u00e9xico<\/strong>.- A partir del 4 de enero, el gobierno municipal aplicar\u00e1 bonificaciones del 8, 6 y 4 por ciento, por el pago anual anticipado del impuesto predial, durante los meses de enero, febrero y marzo, respectivamente.<\/p>\n<p>Durante enero, los contribuyentes tendr\u00e1n un descuento del 8 por ciento en el pago anual del impuesto predial. En caso de estar al corriente en sus contribuciones podr\u00e1n acceder a un descuento adicional del 8 por ciento.<\/p>\n<p>Asimismo, por aprobaci\u00f3n del Cabildo, tambi\u00e9n se aplicar\u00e1n bonificaciones a personas que integran grupos vulnerables entre los que se incluyen pensionados, jubilados, hu\u00e9rfanos, menores de 18 a\u00f1os, personas con discapacidad, adultos mayores, viudas sin ingresos fijos y personas f\u00edsicas cuya percepci\u00f3n diaria no rebase los tres salarios m\u00ednimos. En este sentido, el presidente municipal de Huixquilucan, Enrique Vargas del Villar enfatiz\u00f3 que a lo largo de su gesti\u00f3n los ciudadanos han visto como sus impuestos est\u00e1n aplicados correctamente.<\/p>\n<p>Precis\u00f3 que el municipio cuenta con finanzas sanas y muestra de ello es que no se ha pedido ning\u00fan tipo de cr\u00e9dito, adem\u00e1s de que no se tienen deudas con proveedores y las prestaciones de los servidores p\u00fablicos se han respetado, a pesar de los recortes presupuestales por parte de la Federaci\u00f3n. Durante los meses de febrero y marzo, los huixquiluquenses tambi\u00e9n tendr\u00e1n bonificaciones en el pago de sus impuestos, de 6 y 4 por ciento, respectivamente, a los cuales se adicionan los descuentos por contribuyente cumplido o si pertenece a un sector vulnerable.<\/p>\n","protected":false},"excerpt":{"rendered":"<p>A partir del 4 de enero, el gobierno municipal aplicar\u00e1 bonificaciones del 8, 6 y 4 por ciento, por el pago anual anticipado del impuesto predial, durante los meses de enero, febrero y marzo, respectivamente.<\/p>\n","protected":false},"author":1,"featured_media":490992,"comment_status":"open","ping_status":"open","sticky":false,"template":"","format":"standard","meta":{"_monsterinsights_skip_tracking":false,"_monsterinsights_sitenote_active":false,"_monsterinsights_sitenote_note":"","_monsterinsights_sitenote_category":0,"footnotes":""},"categories":[5],"tags":[43675,1097],"class_list":["post-490991","post","type-post","status-publish","format-standard","has-post-thumbnail","hentry","category-estado-de-mexico","tag-estado-de-mexico","tag-huixquilucan"],"_links":{"self":[{"href":"https:\/\/www.diarioimagen.net\/index.php?rest_route=\/wp\/v2\/posts\/490991","targetHints":{"allow":["GET"]}}],"collection":[{"href":"https:\/\/www.diarioimagen.net\/index.php?rest_route=\/wp\/v2\/posts"}],"about":[{"href":"https:\/\/www.diarioimagen.net\/index.php?rest_route=\/wp\/v2\/types\/post"}],"author":[{"embeddable":true,"href":"https:\/\/www.diarioimagen.net\/index.php?rest_route=\/wp\/v2\/users\/1"}],"replies":[{"embeddable":true,"href":"https:\/\/www.diarioimagen.net\/index.php?rest_route=%2Fwp%2Fv2%2Fcomments&post=490991"}],"version-history":[{"count":0,"href":"https:\/\/www.diarioimagen.net\/index.php?rest_route=\/wp\/v2\/posts\/490991\/revisions"}],"wp:featuredmedia":[{"embeddable":true,"href":"https:\/\/www.diarioimagen.net\/index.php?rest_route=\/wp\/v2\/media\/490992"}],"wp:attachment":[{"href":"https:\/\/www.diarioimagen.net\/index.php?rest_route=%2Fwp%2Fv2%2Fmedia&parent=490991"}],"wp:term":[{"taxonomy":"category","embeddable":true,"href":"https:\/\/www.diarioimagen.net\/index.php?rest_route=%2Fwp%2Fv2%2Fcategories&post=490991"},{"taxonomy":"post_tag","embeddable":true,"href":"https:\/\/www.diarioimagen.net\/index.php?rest_route=%2Fwp%2Fv2%2Ftags&post=490991"}],"curies":[{"name":"wp","href":"https:\/\/api.w.org\/{rel}","templated":true}]}}