{"id":491074,"date":"2020-12-28T00:07:54","date_gmt":"2020-12-28T06:07:54","guid":{"rendered":"https:\/\/www.diarioimagen.net\/?p=491074"},"modified":"2020-12-28T01:33:03","modified_gmt":"2020-12-28T07:33:03","slug":"en-la-muerte-todo-termino-como-empezamos-con-una-bala","status":"publish","type":"post","link":"https:\/\/www.diarioimagen.net\/?p=491074","title":{"rendered":"En la muerte, todo termin\u00f3 como empezamos: con una bala"},"content":{"rendered":"<h2>\u00a1Que conste,.. son reflexiones!<\/h2>\n<h5>S\u00f3crates A. Campos Lemus<\/h5>\n<p><em>\u00a0<\/em><\/p>\n<p><em>EL D\u00cdA DE LOS INOCENTES: \u201cINOCENTE PALOMITA QUE TE DEJASTE ENGA\u00d1AR\u2026<\/em><\/p>\n<p>Tambi\u00e9n hoy es el d\u00eda donde miles de mexicanos se vuelcan a pedir y adorar a SAN JUDAS TADEO y ah\u00ed se llega por miles de creyentes que van con sus peticiones y ahora hay preocupaci\u00f3n porque en tiempo de crisis los peticionarios crecen y hay mucho mayor riesgo de contaminaci\u00f3n y contagios en la pandemia que vivimos. La fe llega a sostener a muchos en la vida, pero en ocasiones tambi\u00e9n llevarla a los extremos sirve para destruir la propia vida, as\u00ed que seguramente ya muchos deben tener conciencia de que el personal m\u00e9dico, dedicado a salvar vidas, est\u00e1 profundamente preocupado porque los mayores contagios se alcanzan en la irresponsabilidad y en el dogmatismo pensando que la estampita y la medallita salvar\u00e1n y proteger\u00e1n, cuando en la realidad se van dando cuenta de que son alcanzados por las desgracias y en el actual momento esto es terrible porque muchas familias no cuentan con los medios necesarios para superar los retos del contagio y ayudar a los contagiados a sanar y no continuar contagiando, por esa raz\u00f3n los llamados de QU\u00c9DATE EN CASA PORQUE ES MEJOR PERDER UNA FIESTA QUE PERDER LA VIDA POR UNA PACHANGA Y UNA REUNI\u00d3N QUE DEJAR\u00c1 DESGRACIAS Y MUERTE.<\/p>\n<p>Los tiempos cambian y tambi\u00e9n las condiciones y las relaciones personales, la visi\u00f3n del mundo y la vida, pero por desgracia no todos se van preparando para esos cambios, al contrario se quedan esperando a que sigan las cosas igual con aquella idea de que \u201cpara cambiar, hay que dejar las cosas igual que antes\u201d y esto no es una realidad. Los viejos de nuestra generaci\u00f3n estamos ocupados y preocupados porque al final de cuentas toda la vida ha sido de trabajo duro y de esfuerzo serio por el que hemos llegado a acumular los a\u00f1os que tenemos, algunos hemos superado pruebas terribles porque nuestra generaci\u00f3n ha sido una de las grandes luchadoras que, \u201cderrotados\u201d, al final, logramos cambios necesarios que tuvieron que aceptarse por el sistema para que lograra sobrevivir sin dar cuenta de que esos cambios eran producto de una lucha social y pol\u00edtica donde los esfuerzos y la conciencia se mantuvieron por a\u00f1os, pero al sistema no le conven\u00eda que esto fuera aceptado porque entonces se convierte en un motivador para continuar las luchas y es lo que no quieran, enfrentar a los hombres de conciencia y que tienen alas y ra\u00edces de libertad.<\/p>\n<p>Claro que como los tiempos cambian esa enorme generaci\u00f3n para alcanzar su nivel m\u00e1ximo de solidaridad social y valores de lucha olvidaron lo que eran las cuestiones materiales y se enredaron en sus sue\u00f1os y utop\u00edas, dejaron la acumulaci\u00f3n de los puestos y presupuestos y marcharon por calles gritando y gritando hasta desga\u00f1itarse para decir su verdad y ahora, al paso del tiempo no cuentan con los recursos ni con los a\u00f1os que les permitan laborar y tener ingresos s\u00f3lidos para pasar los \u00faltimos a\u00f1os de la vida y adem\u00e1s, nuestra generaci\u00f3n no dej\u00f3 jam\u00e1s de tener la visi\u00f3n de \u201cproveedor en casa\u201d y tiene la suficiente verg\u00fcenza para andar solicitando migajas o apoyos y ayudas y es cuando la crisis se manifiesta y sabemos que la vida tambi\u00e9n tiene l\u00edmites y que cuando ya no hay caminos de soluci\u00f3n lo mejor, cuando menos, es dejar que los sufrimientos acaben de cualquier manera y as\u00ed han aumentado los suicidios o enfermedades de la vieja generaci\u00f3n y de la joven que solamente ve las desgracias a las que se han llegado en ese terrible andar en sue\u00f1os y utop\u00edas y es por ello que, los cambios de conciencia se deben dar desde la escuela, ya no en el hogar, porque ah\u00ed los valores se han perdido ante la falta de resultados y de frustraciones y desenga\u00f1os, de mentiras y de \u201cderrotas\u201d que a pesar de todo fueron las que vencieron y dieron las nuevas rutas, pero todo queda ah\u00ed, sin respuestas, porque al final de cuentas, desde hace a\u00f1os, esta generaci\u00f3n jam\u00e1s ha reclamado derechos econ\u00f3micos, sino reconocimientos a sus utop\u00edas y sue\u00f1os que siendo grandes los han empeque\u00f1ecido muchos de los oportunistas que se han beneficiado de sus esfuerzos.<\/p>\n<p>EL doctor Kumate, investigador y maestro dec\u00eda: \u201cYA SOMOS MUY VIEJOS PARA PERDER AMIGOS\u201d y como los amigos son valiosos y peque\u00f1os ejemplos de riqueza espiritual y relaciones de alegr\u00eda y valores, pues es muy duro perderlos porque no tenemos m\u00e1s que eso, no hay valores econ\u00f3micos ni materiales, solamente las hermandades espirituales y el recuerdo de esos pasos en la griter\u00eda de los a\u00f1os y los caminos secos y duros por los que recorrimos por a\u00f1os de vida, dejando lo mejor de los tiempos.<\/p>\n<p>Cuando pensamos en ello nos damos cuenta de que al voltear dejamos de tener y ahora muchos nos angustiamos no por no poder continuar, sino por estar los espacios cerrados a los viejos y a\u00f1os, los tiempos cambian y nos olvidamos de que no todo es luchar por los dem\u00e1s sino tambi\u00e9n buscar para sostenernos sin dar l\u00e1stimas ni necesitar de lo elemental, y pues no hay, por ello, muchos viejos se pierden en la enfermedad y en el olvido, se quitan mejor la vida ante la frustraci\u00f3n y a que les llegue el resentimiento, nos olvidamos, a lo mejor, de que nada es permanente y que todo cambia y lo hablamos, pero no lo actuamos en nuestro favor, como siempre dando, pero s\u00f3lo esperando y nada llega porque al final de cuentas al sistema le valen esos esfuerzos a pesar de que son los beneficiarios de los mismos.<\/p>\n<p>Estamos seguros que AMLO ha tenido su camino largo y terrible en sus esfuerzos y peleaba solo, solitito como ahora lo sigue haciendo y por ello a lo mejor deja solamente que algunos de sus allegados le cuenten de esos tiempos y ellos lo hacen en esos espacios de que aprovechan decir lo que el otro quiere escuchar, pero no aclaran porque no tienen claridad de las verdaderas razones que hoy se sufren y todo termina se pierden muchos de aquellos viejos so\u00f1adores y utopistas que marcaron las rutas y se perdieron en sue\u00f1os\u2026 Todo termina como empezamos: por una bala\u2026 y al olvido.<\/p>\n<p><em><a href=\"mailto:socrates_campos8@yahoo.com.mx\" target=\"_blank\" rel=\"noopener noreferrer\">socrates_campos8@yahoo.com.mx<\/a><\/em><\/p>\n","protected":false},"excerpt":{"rendered":"<p><span style=\"color: #005497;\"><strong>S\u00f3crates A. Campos Lemus<\/strong><\/span><\/p>\n","protected":false},"author":3,"featured_media":0,"comment_status":"open","ping_status":"open","sticky":false,"template":"","format":"standard","meta":{"_monsterinsights_skip_tracking":false,"_monsterinsights_sitenote_active":false,"_monsterinsights_sitenote_note":"","_monsterinsights_sitenote_category":0,"footnotes":""},"categories":[82147],"tags":[82149,82150,82148],"class_list":["post-491074","post","type-post","status-publish","format-standard","hentry","category-socrates-a-campos-lemus","tag-son-reflexiones","tag-socrates-a-campos-lemus","tag-que-conste"],"_links":{"self":[{"href":"https:\/\/www.diarioimagen.net\/index.php?rest_route=\/wp\/v2\/posts\/491074","targetHints":{"allow":["GET"]}}],"collection":[{"href":"https:\/\/www.diarioimagen.net\/index.php?rest_route=\/wp\/v2\/posts"}],"about":[{"href":"https:\/\/www.diarioimagen.net\/index.php?rest_route=\/wp\/v2\/types\/post"}],"author":[{"embeddable":true,"href":"https:\/\/www.diarioimagen.net\/index.php?rest_route=\/wp\/v2\/users\/3"}],"replies":[{"embeddable":true,"href":"https:\/\/www.diarioimagen.net\/index.php?rest_route=%2Fwp%2Fv2%2Fcomments&post=491074"}],"version-history":[{"count":0,"href":"https:\/\/www.diarioimagen.net\/index.php?rest_route=\/wp\/v2\/posts\/491074\/revisions"}],"wp:attachment":[{"href":"https:\/\/www.diarioimagen.net\/index.php?rest_route=%2Fwp%2Fv2%2Fmedia&parent=491074"}],"wp:term":[{"taxonomy":"category","embeddable":true,"href":"https:\/\/www.diarioimagen.net\/index.php?rest_route=%2Fwp%2Fv2%2Fcategories&post=491074"},{"taxonomy":"post_tag","embeddable":true,"href":"https:\/\/www.diarioimagen.net\/index.php?rest_route=%2Fwp%2Fv2%2Ftags&post=491074"}],"curies":[{"name":"wp","href":"https:\/\/api.w.org\/{rel}","templated":true}]}}