{"id":491115,"date":"2020-12-29T00:04:25","date_gmt":"2020-12-29T06:04:25","guid":{"rendered":"https:\/\/www.diarioimagen.net\/?p=491115"},"modified":"2020-12-28T22:40:40","modified_gmt":"2020-12-29T04:40:40","slug":"en-huixquilucan-prevenir-es-salvar-vidas","status":"publish","type":"post","link":"https:\/\/www.diarioimagen.net\/?p=491115","title":{"rendered":"En Huixquilucan, prevenir es salvar vidas"},"content":{"rendered":"<p>&nbsp;<\/p>\n<p><img loading=\"lazy\" decoding=\"async\" class=\"aligncenter size-full wp-image-491116\" src=\"https:\/\/www.diarioimagen.net\/wp-content\/uploads\/2020\/12\/CAMACHO29-dPOR.jpg\" alt=\"\" width=\"460\" height=\"270\" \/><\/p>\n<p>&nbsp;<\/p>\n<p><strong>Huixquilucan, Estado de M\u00e9xico<\/strong><b>.-<\/b> Las Unidades de Rescate Municipal, el Escuadr\u00f3n Vida y la Cruz Roja, estamos para apoyarte las 24 hrs del d\u00eda, los 365 d\u00edas del a\u00f1o. Te insistimos en que te quedes en casa. Seguimos en una etapa de m\u00e1ximo contagio. Prot\u00e9gete y cuida a tu familia.<\/p>\n","protected":false},"excerpt":{"rendered":"<p>Las Unidades de Rescate Municipal, el Escuadr\u00f3n Vida y la Cruz Roja, estamos para apoyarte las 24 hrs del d\u00eda, los 365 d\u00edas del a\u00f1o. Te insistimos en que te quedes en casa. Seguimos en una etapa de m\u00e1ximo contagio. Prot\u00e9gete y cuida a tu familia.<\/p>\n","protected":false},"author":1,"featured_media":491116,"comment_status":"open","ping_status":"open","sticky":false,"template":"","format":"standard","meta":{"_monsterinsights_skip_tracking":false,"_monsterinsights_sitenote_active":false,"_monsterinsights_sitenote_note":"","_monsterinsights_sitenote_category":0,"footnotes":""},"categories":[5],"tags":[43675,1097],"class_list":["post-491115","post","type-post","status-publish","format-standard","has-post-thumbnail","hentry","category-estado-de-mexico","tag-estado-de-mexico","tag-huixquilucan"],"_links":{"self":[{"href":"https:\/\/www.diarioimagen.net\/index.php?rest_route=\/wp\/v2\/posts\/491115","targetHints":{"allow":["GET"]}}],"collection":[{"href":"https:\/\/www.diarioimagen.net\/index.php?rest_route=\/wp\/v2\/posts"}],"about":[{"href":"https:\/\/www.diarioimagen.net\/index.php?rest_route=\/wp\/v2\/types\/post"}],"author":[{"embeddable":true,"href":"https:\/\/www.diarioimagen.net\/index.php?rest_route=\/wp\/v2\/users\/1"}],"replies":[{"embeddable":true,"href":"https:\/\/www.diarioimagen.net\/index.php?rest_route=%2Fwp%2Fv2%2Fcomments&post=491115"}],"version-history":[{"count":0,"href":"https:\/\/www.diarioimagen.net\/index.php?rest_route=\/wp\/v2\/posts\/491115\/revisions"}],"wp:featuredmedia":[{"embeddable":true,"href":"https:\/\/www.diarioimagen.net\/index.php?rest_route=\/wp\/v2\/media\/491116"}],"wp:attachment":[{"href":"https:\/\/www.diarioimagen.net\/index.php?rest_route=%2Fwp%2Fv2%2Fmedia&parent=491115"}],"wp:term":[{"taxonomy":"category","embeddable":true,"href":"https:\/\/www.diarioimagen.net\/index.php?rest_route=%2Fwp%2Fv2%2Fcategories&post=491115"},{"taxonomy":"post_tag","embeddable":true,"href":"https:\/\/www.diarioimagen.net\/index.php?rest_route=%2Fwp%2Fv2%2Ftags&post=491115"}],"curies":[{"name":"wp","href":"https:\/\/api.w.org\/{rel}","templated":true}]}}