{"id":491151,"date":"2020-12-30T00:04:15","date_gmt":"2020-12-30T06:04:15","guid":{"rendered":"https:\/\/www.diarioimagen.net\/?p=491151"},"modified":"2020-12-30T02:06:49","modified_gmt":"2020-12-30T08:06:49","slug":"en-nicolas-romero-ponen-en-marcha-programa-grua-amiga","status":"publish","type":"post","link":"https:\/\/www.diarioimagen.net\/?p=491151","title":{"rendered":"En Nicol\u00e1s Romero, ponen en marcha programa Gr\u00faa Amiga"},"content":{"rendered":"<p>&nbsp;<\/p>\n<p><img loading=\"lazy\" decoding=\"async\" class=\"aligncenter wp-image-491152\" src=\"https:\/\/www.diarioimagen.net\/wp-content\/uploads\/2020\/12\/CAMACHO30-bPOR.jpg\" alt=\"\" width=\"350\" height=\"350\" \/><\/p>\n<p>&nbsp;<\/p>\n<p><strong>Nicol\u00e1s Romero, Estado de M\u00e9xico<\/strong>.<b>\u2013 <\/b>Este a\u00f1o el gobierno municipal puso en marcha el programa Gr\u00faa Amiga. Si tu veh\u00edculo se descompone, puedes solicitarla y te apoyar\u00e1 de manera gratuita dentro del territorio municipal.<\/p>\n","protected":false},"excerpt":{"rendered":"<p>Este a\u00f1o el gobierno municipal puso en marcha el programa Gr\u00faa Amiga. Si tu veh\u00edculo se descompone, puedes solicitarla y te apoyar\u00e1 de manera gratuita dentro del territorio municipal.<\/p>\n","protected":false},"author":1,"featured_media":491153,"comment_status":"open","ping_status":"open","sticky":false,"template":"","format":"standard","meta":{"_monsterinsights_skip_tracking":false,"_monsterinsights_sitenote_active":false,"_monsterinsights_sitenote_note":"","_monsterinsights_sitenote_category":0,"footnotes":""},"categories":[5],"tags":[43675,752],"class_list":["post-491151","post","type-post","status-publish","format-standard","has-post-thumbnail","hentry","category-estado-de-mexico","tag-estado-de-mexico","tag-nicolas-romero"],"_links":{"self":[{"href":"https:\/\/www.diarioimagen.net\/index.php?rest_route=\/wp\/v2\/posts\/491151","targetHints":{"allow":["GET"]}}],"collection":[{"href":"https:\/\/www.diarioimagen.net\/index.php?rest_route=\/wp\/v2\/posts"}],"about":[{"href":"https:\/\/www.diarioimagen.net\/index.php?rest_route=\/wp\/v2\/types\/post"}],"author":[{"embeddable":true,"href":"https:\/\/www.diarioimagen.net\/index.php?rest_route=\/wp\/v2\/users\/1"}],"replies":[{"embeddable":true,"href":"https:\/\/www.diarioimagen.net\/index.php?rest_route=%2Fwp%2Fv2%2Fcomments&post=491151"}],"version-history":[{"count":0,"href":"https:\/\/www.diarioimagen.net\/index.php?rest_route=\/wp\/v2\/posts\/491151\/revisions"}],"wp:featuredmedia":[{"embeddable":true,"href":"https:\/\/www.diarioimagen.net\/index.php?rest_route=\/wp\/v2\/media\/491153"}],"wp:attachment":[{"href":"https:\/\/www.diarioimagen.net\/index.php?rest_route=%2Fwp%2Fv2%2Fmedia&parent=491151"}],"wp:term":[{"taxonomy":"category","embeddable":true,"href":"https:\/\/www.diarioimagen.net\/index.php?rest_route=%2Fwp%2Fv2%2Fcategories&post=491151"},{"taxonomy":"post_tag","embeddable":true,"href":"https:\/\/www.diarioimagen.net\/index.php?rest_route=%2Fwp%2Fv2%2Ftags&post=491151"}],"curies":[{"name":"wp","href":"https:\/\/api.w.org\/{rel}","templated":true}]}}