{"id":491155,"date":"2020-12-30T00:03:30","date_gmt":"2020-12-30T06:03:30","guid":{"rendered":"https:\/\/www.diarioimagen.net\/?p=491155"},"modified":"2020-12-30T02:05:48","modified_gmt":"2020-12-30T08:05:48","slug":"tlalnepantla-apoya-a-las-personas-con-discapacidad-para-su-reintegracion-social","status":"publish","type":"post","link":"https:\/\/www.diarioimagen.net\/?p=491155","title":{"rendered":"Tlalnepantla apoya a las personas con discapacidad para su reintegraci\u00f3n social"},"content":{"rendered":"<p>&nbsp;<\/p>\n<ul>\n<li><em><b>En el Centro de Capacitaci\u00f3n e Inclusi\u00f3n Laboral<\/b><\/em><\/li>\n<\/ul>\n<p>&nbsp;<\/p>\n<div id=\"attachment_491156\" style=\"width: 470px\" class=\"wp-caption aligncenter\"><img loading=\"lazy\" decoding=\"async\" aria-describedby=\"caption-attachment-491156\" class=\"size-full wp-image-491156\" src=\"https:\/\/www.diarioimagen.net\/wp-content\/uploads\/2020\/12\/CAMACHO30-aPOR.jpg\" alt=\"\" width=\"460\" height=\"270\" \/><p id=\"caption-attachment-491156\" class=\"wp-caption-text\">El CECAIN brind\u00f3 m\u00e1s de mil 200 consultas m\u00e9dicas, 8 mil terapias de rehabilitaci\u00f3n y entrevistas de trabajo social.<\/p><\/div>\n<p>&nbsp;<\/p>\n<p><strong>Tlalnepantla, Estado de M\u00e9xico<\/strong>.- El gobierno municipal brind\u00f3 m\u00e1s de mil 200 consultas m\u00e9dicas, psicol\u00f3gicas y entrevistas de trabajo social a personas con discapacidad y realiz\u00f3 8 mil terapias de rehabilitaci\u00f3n, para apoyar su integraci\u00f3n social y laboral, durante el a\u00f1o que concluye.<\/p>\n<p>El Sistema Municipal para el Desarrollo Integral de la Familia (SMDIF) inform\u00f3 que durante el 2020 la mayor\u00eda de estos servicios se proporcionaron en el Centro de Capacitaci\u00f3n e Inclusi\u00f3n Laboral para personas con Discapacidad (CECAIN), con las medidas sanitarias respectivas. Durante la pandemia de COVID-19 parmanecen cerradas las dos Unidades B\u00e1sicas de Rehabilitaci\u00f3n e Integraci\u00f3n Social (UBRIS).<\/p>\n<p>Para evitar concentraci\u00f3n de personas, se realizaron 28 pl\u00e1ticas y dos videoconferencias impartidas por expertos en temas de discapacidad para generar conciencia y sensibilizar a la poblaci\u00f3n sobre la importancia de incluir y no discriminar a este sector de la sociedad.<\/p>\n<p>El DIF firm\u00f3 un convenio con el Centro de Atenci\u00f3n Telet\u00f3n (CAT) para habilitar dos espacios especializados en diagn\u00f3stico y atenci\u00f3n de menores y adultos que padecen trastorno autista, con el fin de contar con lugares adecuados para brindar este servicio.<\/p>\n","protected":false},"excerpt":{"rendered":"<p>El gobierno municipal brind\u00f3 m\u00e1s de mil 200 consultas m\u00e9dicas, psicol\u00f3gicas y entrevistas de trabajo social a personas con discapacidad y realiz\u00f3 8 mil terapias de rehabilitaci\u00f3n, para apoyar su integraci\u00f3n social y laboral, durante el a\u00f1o que concluye.<\/p>\n","protected":false},"author":1,"featured_media":491156,"comment_status":"open","ping_status":"open","sticky":false,"template":"","format":"standard","meta":{"_monsterinsights_skip_tracking":false,"_monsterinsights_sitenote_active":false,"_monsterinsights_sitenote_note":"","_monsterinsights_sitenote_category":0,"footnotes":""},"categories":[5],"tags":[43675,169],"class_list":["post-491155","post","type-post","status-publish","format-standard","has-post-thumbnail","hentry","category-estado-de-mexico","tag-estado-de-mexico","tag-tlalnepantla"],"_links":{"self":[{"href":"https:\/\/www.diarioimagen.net\/index.php?rest_route=\/wp\/v2\/posts\/491155","targetHints":{"allow":["GET"]}}],"collection":[{"href":"https:\/\/www.diarioimagen.net\/index.php?rest_route=\/wp\/v2\/posts"}],"about":[{"href":"https:\/\/www.diarioimagen.net\/index.php?rest_route=\/wp\/v2\/types\/post"}],"author":[{"embeddable":true,"href":"https:\/\/www.diarioimagen.net\/index.php?rest_route=\/wp\/v2\/users\/1"}],"replies":[{"embeddable":true,"href":"https:\/\/www.diarioimagen.net\/index.php?rest_route=%2Fwp%2Fv2%2Fcomments&post=491155"}],"version-history":[{"count":0,"href":"https:\/\/www.diarioimagen.net\/index.php?rest_route=\/wp\/v2\/posts\/491155\/revisions"}],"wp:featuredmedia":[{"embeddable":true,"href":"https:\/\/www.diarioimagen.net\/index.php?rest_route=\/wp\/v2\/media\/491156"}],"wp:attachment":[{"href":"https:\/\/www.diarioimagen.net\/index.php?rest_route=%2Fwp%2Fv2%2Fmedia&parent=491155"}],"wp:term":[{"taxonomy":"category","embeddable":true,"href":"https:\/\/www.diarioimagen.net\/index.php?rest_route=%2Fwp%2Fv2%2Fcategories&post=491155"},{"taxonomy":"post_tag","embeddable":true,"href":"https:\/\/www.diarioimagen.net\/index.php?rest_route=%2Fwp%2Fv2%2Ftags&post=491155"}],"curies":[{"name":"wp","href":"https:\/\/api.w.org\/{rel}","templated":true}]}}