{"id":491176,"date":"2020-12-30T00:05:44","date_gmt":"2020-12-30T06:05:44","guid":{"rendered":"https:\/\/www.diarioimagen.net\/?p=491176"},"modified":"2020-12-31T00:48:55","modified_gmt":"2020-12-31T06:48:55","slug":"mayor-higiene-para-que-restaurantes-tengan-una-reapertura-exitosa","status":"publish","type":"post","link":"https:\/\/www.diarioimagen.net\/?p=491176","title":{"rendered":"Mayor higiene para que restaurantes tengan una reapertura exitosa"},"content":{"rendered":"<p>&nbsp;<\/p>\n<ul>\n<li><strong><em>El ramo restaurantero podr\u00eda invertir en equipamiento de higiene, as\u00ed como la colocaci\u00f3n de se\u00f1al\u00e9tica que indique el distanciamiento entre cada comensal<\/em><\/strong><\/li>\n<\/ul>\n<p>&nbsp;<\/p>\n<div id=\"attachment_491177\" style=\"width: 475px\" class=\"wp-caption aligncenter\"><img loading=\"lazy\" decoding=\"async\" aria-describedby=\"caption-attachment-491177\" class=\"wp-image-491177\" src=\"https:\/\/www.diarioimagen.net\/wp-content\/uploads\/2020\/12\/Uaem30POR.jpg\" alt=\"\" width=\"465\" height=\"313\" \/><p id=\"caption-attachment-491177\" class=\"wp-caption-text\">\u201cLa saz\u00f3n de emprender\u201d, ciclo de conferencias organizado por la Facultad de Turismo y Gastronom\u00eda de la UAEM<\/p><\/div>\n<p>&nbsp;<\/p>\n<p><strong>Toluca, Estado de M\u00e9xico.\u2013 <\/strong>Implementar mejores protocolos de higiene y desinfecci\u00f3n es una oportunidad para que los restaurantes tengan una reapertura exitosa y los comensales se sientan seguros, destac\u00f3 el empresario Juan Manuel Vera Garc\u00eda, al dictar una conferencia en l\u00ednea para la Universidad Aut\u00f3noma del Estado de M\u00e9xico.<\/p>\n<p>En el marco del ciclo de conferencias \u201cLa saz\u00f3n de emprender\u201d, organizado por la Facultad de Turismo y Gastronom\u00eda de la UAEM, el ponente indic\u00f3 que pese a las grandes p\u00e9rdidas econ\u00f3micas que ocasion\u00f3 la pandemia de COVID-19, el ramo restaurantero podr\u00eda invertir en equipamiento de higiene, as\u00ed como la colocaci\u00f3n de se\u00f1al\u00e9tica que indique el distanciamiento entre cada comensal.<\/p>\n<p>Tras referir que del total de franquicias en el pa\u00eds, 35 por ciento corresponde al ramo de alimentos y bebidas, Juan Manuel Vera Garc\u00eda, tambi\u00e9n due\u00f1o de una franquicia, enfatiz\u00f3 que el uso de redes sociales y marketing digital ser\u00e1 indispensables para ofrecer productos y servicios a potenciales clientes.<\/p>\n<p>Al dictar la conferencia \u201cFranquicia en tiempos de pandemia\u201d, el empresario mexicano puntualiz\u00f3 que al igual que en toda empresa, en los restaurantes debe adquirirse un alto grado de hospitalidad y amabilidad en el servicio para que el cliente regrese o recomiende los productos.<\/p>\n<p>Cabe mencionar que \u201cLa saz\u00f3n de emprender\u201d es un ejercicio acad\u00e9mico organizado por estudiantes de la Licenciatura en Gastronom\u00eda de la UAEM, que tuvo por objeto difundir la cultura emprendedora e innovadora mediante ponencias y conferencias magistrales dictadas por empresarios que ofrecieron un contexto actualizado que fortalece el desarrollo profesional de los universitarios.<\/p>\n","protected":false},"excerpt":{"rendered":"<p>28 de diciembre de 2020. Implementar mejores protocolos de higiene y desinfecci\u00f3n es una oportunidad para que los restaurantes tengan una reapertura exitosa y los comensales se sientan seguros, destac\u00f3 el empresario Juan Manuel Vera Garc\u00eda, al dictar una conferencia en l\u00ednea para la Universidad Aut\u00f3noma del Estado de M\u00e9xico.<\/p>\n","protected":false},"author":1,"featured_media":491178,"comment_status":"open","ping_status":"open","sticky":false,"template":"","format":"standard","meta":{"_monsterinsights_skip_tracking":false,"_monsterinsights_sitenote_active":false,"_monsterinsights_sitenote_note":"","_monsterinsights_sitenote_category":0,"footnotes":""},"categories":[5],"tags":[43675,452,1491],"class_list":["post-491176","post","type-post","status-publish","format-standard","has-post-thumbnail","hentry","category-estado-de-mexico","tag-estado-de-mexico","tag-toluca","tag-uaem"],"_links":{"self":[{"href":"https:\/\/www.diarioimagen.net\/index.php?rest_route=\/wp\/v2\/posts\/491176","targetHints":{"allow":["GET"]}}],"collection":[{"href":"https:\/\/www.diarioimagen.net\/index.php?rest_route=\/wp\/v2\/posts"}],"about":[{"href":"https:\/\/www.diarioimagen.net\/index.php?rest_route=\/wp\/v2\/types\/post"}],"author":[{"embeddable":true,"href":"https:\/\/www.diarioimagen.net\/index.php?rest_route=\/wp\/v2\/users\/1"}],"replies":[{"embeddable":true,"href":"https:\/\/www.diarioimagen.net\/index.php?rest_route=%2Fwp%2Fv2%2Fcomments&post=491176"}],"version-history":[{"count":0,"href":"https:\/\/www.diarioimagen.net\/index.php?rest_route=\/wp\/v2\/posts\/491176\/revisions"}],"wp:featuredmedia":[{"embeddable":true,"href":"https:\/\/www.diarioimagen.net\/index.php?rest_route=\/wp\/v2\/media\/491178"}],"wp:attachment":[{"href":"https:\/\/www.diarioimagen.net\/index.php?rest_route=%2Fwp%2Fv2%2Fmedia&parent=491176"}],"wp:term":[{"taxonomy":"category","embeddable":true,"href":"https:\/\/www.diarioimagen.net\/index.php?rest_route=%2Fwp%2Fv2%2Fcategories&post=491176"},{"taxonomy":"post_tag","embeddable":true,"href":"https:\/\/www.diarioimagen.net\/index.php?rest_route=%2Fwp%2Fv2%2Ftags&post=491176"}],"curies":[{"name":"wp","href":"https:\/\/api.w.org\/{rel}","templated":true}]}}