{"id":491266,"date":"2020-12-31T00:02:07","date_gmt":"2020-12-31T06:02:07","guid":{"rendered":"https:\/\/www.diarioimagen.net\/?p=491266"},"modified":"2020-12-30T23:41:04","modified_gmt":"2020-12-31T05:41:04","slug":"entrega-de-reconocimientos-a-policias-en-tultitlan","status":"publish","type":"post","link":"https:\/\/www.diarioimagen.net\/?p=491266","title":{"rendered":"Entrega de reconocimientos\u00a0a polic\u00edas en Tultitl\u00e1n"},"content":{"rendered":"<p><img loading=\"lazy\" decoding=\"async\" class=\"aligncenter size-full wp-image-491267\" src=\"https:\/\/www.diarioimagen.net\/wp-content\/uploads\/2020\/12\/CAMACHO31-cPOR.jpg\" alt=\"\" width=\"460\" height=\"270\" \/><\/p>\n<p>&nbsp;<\/p>\n<p><strong>Tultitl\u00e1n, Estado de M\u00e9xio<\/strong><b>. &#8211;<\/b> La Presidenta\u00a0Elena Garc\u00eda\u00a0realiz\u00f3 la entrega de reconocimientos e incentivos econ\u00f3micos a los elementos de la\u00a0Direcci\u00f3n de Seguridad Ciudadana, Vialidad y Protecci\u00f3n Civil Tultitl\u00e1n, los cuales, han demostrado con acciones su entrega ejemplar como polic\u00edas de Tultitl\u00e1n.<\/p>\n","protected":false},"excerpt":{"rendered":"<p>La Presidenta\u00a0Elena Garc\u00eda\u00a0realiz\u00f3 la entrega de reconocimientos e incentivos econ\u00f3micos a los elementos de la\u00a0Direcci\u00f3n de Seguridad Ciudadana, Vialidad y Protecci\u00f3n Civil Tultitl\u00e1n, los cuales, han demostrado con acciones su entrega ejemplar como polic\u00edas de Tultitl\u00e1n.<\/p>\n","protected":false},"author":1,"featured_media":491267,"comment_status":"open","ping_status":"open","sticky":false,"template":"","format":"standard","meta":{"_monsterinsights_skip_tracking":false,"_monsterinsights_sitenote_active":false,"_monsterinsights_sitenote_note":"","_monsterinsights_sitenote_category":0,"footnotes":""},"categories":[5],"tags":[91935,578],"class_list":["post-491266","post","type-post","status-publish","format-standard","has-post-thumbnail","hentry","category-estado-de-mexico","tag-estado-de-mexio","tag-tultitlan"],"_links":{"self":[{"href":"https:\/\/www.diarioimagen.net\/index.php?rest_route=\/wp\/v2\/posts\/491266","targetHints":{"allow":["GET"]}}],"collection":[{"href":"https:\/\/www.diarioimagen.net\/index.php?rest_route=\/wp\/v2\/posts"}],"about":[{"href":"https:\/\/www.diarioimagen.net\/index.php?rest_route=\/wp\/v2\/types\/post"}],"author":[{"embeddable":true,"href":"https:\/\/www.diarioimagen.net\/index.php?rest_route=\/wp\/v2\/users\/1"}],"replies":[{"embeddable":true,"href":"https:\/\/www.diarioimagen.net\/index.php?rest_route=%2Fwp%2Fv2%2Fcomments&post=491266"}],"version-history":[{"count":0,"href":"https:\/\/www.diarioimagen.net\/index.php?rest_route=\/wp\/v2\/posts\/491266\/revisions"}],"wp:featuredmedia":[{"embeddable":true,"href":"https:\/\/www.diarioimagen.net\/index.php?rest_route=\/wp\/v2\/media\/491267"}],"wp:attachment":[{"href":"https:\/\/www.diarioimagen.net\/index.php?rest_route=%2Fwp%2Fv2%2Fmedia&parent=491266"}],"wp:term":[{"taxonomy":"category","embeddable":true,"href":"https:\/\/www.diarioimagen.net\/index.php?rest_route=%2Fwp%2Fv2%2Fcategories&post=491266"},{"taxonomy":"post_tag","embeddable":true,"href":"https:\/\/www.diarioimagen.net\/index.php?rest_route=%2Fwp%2Fv2%2Ftags&post=491266"}],"curies":[{"name":"wp","href":"https:\/\/api.w.org\/{rel}","templated":true}]}}