{"id":491272,"date":"2020-12-31T00:03:10","date_gmt":"2020-12-31T06:03:10","guid":{"rendered":"https:\/\/www.diarioimagen.net\/?p=491272"},"modified":"2020-12-31T00:47:38","modified_gmt":"2020-12-31T06:47:38","slug":"tlalnepantla-verifica-que-se-acaten-medidas-sanitarias-en-130-negocios","status":"publish","type":"post","link":"https:\/\/www.diarioimagen.net\/?p=491272","title":{"rendered":"Tlalnepantla verifica que se acaten\u00a0medidas sanitarias en 130 negocios"},"content":{"rendered":"<p>&nbsp;<\/p>\n<ul>\n<li><em><b>Con apoyo de la Guardia Nacional y Polic\u00eda Estatal<\/b><\/em><\/li>\n<\/ul>\n<p>&nbsp;<\/p>\n<div id=\"attachment_491273\" style=\"width: 470px\" class=\"wp-caption aligncenter\"><img loading=\"lazy\" decoding=\"async\" aria-describedby=\"caption-attachment-491273\" class=\"wp-image-491273\" src=\"https:\/\/www.diarioimagen.net\/wp-content\/uploads\/2020\/12\/CAMACHO31-aPOR.jpg\" alt=\"\" width=\"460\" height=\"308\" \/><p id=\"caption-attachment-491273\" class=\"wp-caption-text\">Verifican en Tlalnepantla que se acaten las medidas sanitarias impuestas por autoridades estatales y federales en 130 negocios establecidos.<\/p><\/div>\n<p>&nbsp;<\/p>\n<p><strong>Tlalnepantla, Estado de M\u00e9xico<\/strong>.- El Gobierno con apoyo de la Guardia Nacional y la Polic\u00eda Estatal verific\u00f3 durante las \u00faltimas horas que se acaten las medidas sanitarias impuestas por autoridades estatales y federales en 130 negocios establecidos de Nuestra Ciudad; adem\u00e1s, cerr\u00f3 17 negocios no esenciales con el fin de mitigar la propagaci\u00f3n de Covid-19.<\/p>\n<p>La Comisar\u00eda General de Seguridad P\u00fablica inform\u00f3 que se inspeccionaron 30 negocios en la zona poniente del municipio y 100 en Tlalnepantla Oriente; se realizaron 208 perifoneos en zonas de mercados, parques y espacios recreativos, centros comerciales y zonas habitacionales; tambi\u00e9n fueron cancelados dos eventos sociales.<\/p>\n<p>Particip\u00f3 el personal de \u00e1reas de la administraci\u00f3n municipal de la Direcci\u00f3n de Promoci\u00f3n Econ\u00f3mica, Coordinaci\u00f3n Municipal de Protecci\u00f3n Civil y la Secretar\u00eda de Gobierno. Acudieron a las comunidades de Los Pirules, L\u00e1zaro C\u00e1rdenas Tercera Secci\u00f3n, Los Rosarios, El Olivo I, Santa Cecilia Acatitl\u00e1n, Adolfo L\u00f3pez Mateos, La Laguna, Zona Industrial San Nicol\u00e1s, Valle Dorado, Tequexquin\u00e1huac, La Arboleda, la Joya Ixtacala y San Juan Ixhuatepec.<\/p>\n","protected":false},"excerpt":{"rendered":"<p>El Gobierno con apoyo de la Guardia Nacional y la Polic\u00eda Estatal verific\u00f3 durante las \u00faltimas horas que se acaten las medidas sanitarias impuestas por autoridades estatales y federales en 130 negocios establecidos de Nuestra Ciudad<\/p>\n","protected":false},"author":1,"featured_media":491274,"comment_status":"open","ping_status":"open","sticky":false,"template":"","format":"standard","meta":{"_monsterinsights_skip_tracking":false,"_monsterinsights_sitenote_active":false,"_monsterinsights_sitenote_note":"","_monsterinsights_sitenote_category":0,"footnotes":""},"categories":[5],"tags":[43675,169],"class_list":["post-491272","post","type-post","status-publish","format-standard","has-post-thumbnail","hentry","category-estado-de-mexico","tag-estado-de-mexico","tag-tlalnepantla"],"_links":{"self":[{"href":"https:\/\/www.diarioimagen.net\/index.php?rest_route=\/wp\/v2\/posts\/491272","targetHints":{"allow":["GET"]}}],"collection":[{"href":"https:\/\/www.diarioimagen.net\/index.php?rest_route=\/wp\/v2\/posts"}],"about":[{"href":"https:\/\/www.diarioimagen.net\/index.php?rest_route=\/wp\/v2\/types\/post"}],"author":[{"embeddable":true,"href":"https:\/\/www.diarioimagen.net\/index.php?rest_route=\/wp\/v2\/users\/1"}],"replies":[{"embeddable":true,"href":"https:\/\/www.diarioimagen.net\/index.php?rest_route=%2Fwp%2Fv2%2Fcomments&post=491272"}],"version-history":[{"count":0,"href":"https:\/\/www.diarioimagen.net\/index.php?rest_route=\/wp\/v2\/posts\/491272\/revisions"}],"wp:featuredmedia":[{"embeddable":true,"href":"https:\/\/www.diarioimagen.net\/index.php?rest_route=\/wp\/v2\/media\/491274"}],"wp:attachment":[{"href":"https:\/\/www.diarioimagen.net\/index.php?rest_route=%2Fwp%2Fv2%2Fmedia&parent=491272"}],"wp:term":[{"taxonomy":"category","embeddable":true,"href":"https:\/\/www.diarioimagen.net\/index.php?rest_route=%2Fwp%2Fv2%2Fcategories&post=491272"},{"taxonomy":"post_tag","embeddable":true,"href":"https:\/\/www.diarioimagen.net\/index.php?rest_route=%2Fwp%2Fv2%2Ftags&post=491272"}],"curies":[{"name":"wp","href":"https:\/\/api.w.org\/{rel}","templated":true}]}}