{"id":491309,"date":"2021-01-01T00:04:19","date_gmt":"2021-01-01T06:04:19","guid":{"rendered":"https:\/\/www.diarioimagen.net\/?p=491309"},"modified":"2020-12-31T21:17:52","modified_gmt":"2021-01-01T03:17:52","slug":"obtiene-naucalpan-primeros-lugares-en-premiacion-a-la-gestion-municipal","status":"publish","type":"post","link":"https:\/\/www.diarioimagen.net\/?p=491309","title":{"rendered":"Obtiene Naucalpan primeros lugares\u00a0en premiaci\u00f3n a la Gesti\u00f3n Municipal"},"content":{"rendered":"<p>&nbsp;<\/p>\n<ul>\n<li><em><b>Promueven una cultura emprendedora<\/b><\/em><\/li>\n<\/ul>\n<p>&nbsp;<\/p>\n<div id=\"attachment_491310\" style=\"width: 470px\" class=\"wp-caption aligncenter\"><img loading=\"lazy\" decoding=\"async\" aria-describedby=\"caption-attachment-491310\" class=\"size-full wp-image-491310\" src=\"https:\/\/www.diarioimagen.net\/wp-content\/uploads\/2020\/12\/CAMACHO1-aPOR.jpg\" alt=\"\" width=\"460\" height=\"270\" \/><p id=\"caption-attachment-491310\" class=\"wp-caption-text\">Naucalpan Emprende obtuvo el primer lugar y el Primer Foro Virtual Intermunicipal para Adolescentes VIRINTAD, del Sistema DIF municipal, logr\u00f3 el tercero.<\/p><\/div>\n<p>&nbsp;<\/p>\n<p><strong>Naucalpan, Estado de M\u00e9xico<\/strong>.- El organismo Naucalpan Emprende obtuvo el primer lugar, mientras que el Primer Foro Virtual Intermunicipal para Adolescentes VIRINTAD, realizado por el Sistema DIF municipal, logr\u00f3 el tercero.<\/p>\n<p>En el Premio IAPEM a la Gesti\u00f3n Municipal, realizado por el Instituto de Administraci\u00f3n P\u00fablica del Estado de M\u00e9xico (IAPEM), Naucalpan concurs\u00f3 con 86 proyectos, bajo ocho l\u00edneas tem\u00e1ticas alineadas a la Agenda 2030.<\/p>\n<p>\u201cEste es el reconocimiento a un trabajo arduo, que implic\u00f3 varias horas de esfuerzos, con el prop\u00f3sito de detonar el sistema emprendedor no s\u00f3lo en Naucalpan, sino tambi\u00e9n en el Estado de M\u00e9xico. Buscamos promover y generar una cultura emprendedora que nos permita expandir Naucalpan Emprende y replicar el proyecto.<\/p>\n<p>Por separado, el Procurador Municipal de Protecci\u00f3n de Ni\u00f1as, Ni\u00f1os y Adolescentes de Naucalpan, Rodrigo S\u00e1nchez de la Pe\u00f1a, se\u00f1al\u00f3 que el DIF Naucalpan present\u00f3 tres proyectos ante el IAPEM, de los cuales dos de ellos fueron seleccionados para la segunda ronda: VIRINTAD y el taller de Crianza Positiva para Padres y Cuidadores, el cual se implementar\u00e1 el pr\u00f3ximo a\u00f1o en estancias infantiles del DIF Naucalpan y tambi\u00e9n se impartir\u00e1 en escuelas, asociaciones, Consejos de Participaci\u00f3n Ciudadana, entre otros.<\/p>\n<p>Destac\u00f3 que la Presidenta del DIF Naucalpan, Lilia Dur\u00e1n Reveles, tiene un compromiso integral con la juventud y ni\u00f1ez naucalpense para brindar el acceso a la educaci\u00f3n, el desarrollo y una vida digna, por lo que los proyectos presentados ante el IAPEM son muestra de ello.<\/p>\n<p>Adem\u00e1s del reconocimiento por parte del gobierno estatal, Naucalpan recibir\u00e1 capacitaci\u00f3n de alto nivel para el fortalecimiento de los proyectos ganadores.<\/p>\n","protected":false},"excerpt":{"rendered":"<p>El organismo Naucalpan Emprende obtuvo el primer lugar, mientras que el Primer Foro Virtual Intermunicipal para Adolescentes VIRINTAD, realizado por el Sistema DIF municipal, logr\u00f3 el tercero.<\/p>\n","protected":false},"author":1,"featured_media":491310,"comment_status":"open","ping_status":"open","sticky":false,"template":"","format":"standard","meta":{"_monsterinsights_skip_tracking":false,"_monsterinsights_sitenote_active":false,"_monsterinsights_sitenote_note":"","_monsterinsights_sitenote_category":0,"footnotes":""},"categories":[5],"tags":[43675,970],"class_list":["post-491309","post","type-post","status-publish","format-standard","has-post-thumbnail","hentry","category-estado-de-mexico","tag-estado-de-mexico","tag-naucalpan"],"_links":{"self":[{"href":"https:\/\/www.diarioimagen.net\/index.php?rest_route=\/wp\/v2\/posts\/491309","targetHints":{"allow":["GET"]}}],"collection":[{"href":"https:\/\/www.diarioimagen.net\/index.php?rest_route=\/wp\/v2\/posts"}],"about":[{"href":"https:\/\/www.diarioimagen.net\/index.php?rest_route=\/wp\/v2\/types\/post"}],"author":[{"embeddable":true,"href":"https:\/\/www.diarioimagen.net\/index.php?rest_route=\/wp\/v2\/users\/1"}],"replies":[{"embeddable":true,"href":"https:\/\/www.diarioimagen.net\/index.php?rest_route=%2Fwp%2Fv2%2Fcomments&post=491309"}],"version-history":[{"count":0,"href":"https:\/\/www.diarioimagen.net\/index.php?rest_route=\/wp\/v2\/posts\/491309\/revisions"}],"wp:featuredmedia":[{"embeddable":true,"href":"https:\/\/www.diarioimagen.net\/index.php?rest_route=\/wp\/v2\/media\/491310"}],"wp:attachment":[{"href":"https:\/\/www.diarioimagen.net\/index.php?rest_route=%2Fwp%2Fv2%2Fmedia&parent=491309"}],"wp:term":[{"taxonomy":"category","embeddable":true,"href":"https:\/\/www.diarioimagen.net\/index.php?rest_route=%2Fwp%2Fv2%2Fcategories&post=491309"},{"taxonomy":"post_tag","embeddable":true,"href":"https:\/\/www.diarioimagen.net\/index.php?rest_route=%2Fwp%2Fv2%2Ftags&post=491309"}],"curies":[{"name":"wp","href":"https:\/\/api.w.org\/{rel}","templated":true}]}}