{"id":491395,"date":"2020-12-30T00:04:37","date_gmt":"2020-12-30T06:04:37","guid":{"rendered":"https:\/\/www.diarioimagen.net\/?p=491395"},"modified":"2020-12-30T04:46:15","modified_gmt":"2020-12-30T10:46:15","slug":"tiempos-dificiles-por-pandemia-2","status":"publish","type":"post","link":"https:\/\/www.diarioimagen.net\/?p=491395","title":{"rendered":"Tiempos dif\u00edciles por pandemia"},"content":{"rendered":"<h2>Punto por punto<\/h2>\n<h5>Augusto Corro<\/h5>\n<p>&nbsp;<\/p>\n<p>El fin de semana, la Organizaci\u00f3n Mundial de la Salud (OMS) advirti\u00f3 que los pr\u00f3ximos tres a seis meses de pandemia ser\u00e1n duros, aun con la llegada de las vacunas contra Covid-19.<\/p>\n<p>Mike Ryan, director de Emergencias Sanitarias de la OMS, dijo que \u201ces probable que los pa\u00edses que tienen actualmente una intensa transmisi\u00f3n (del coronavirus) comunitaria la intensifiquen.<\/p>\n<p>A\u00f1adi\u00f3 que las \u00faltimas cifras registradas en M\u00e9xico y Brasil (sobre decesos y contagios) y otros pa\u00edses en el centro y sur de Am\u00e9rica \u201chemos visto un aumento preocupante\u201d.<\/p>\n<p>Dijo que M\u00e9xico como Brasil o Estados Unidos \u201cnunca salieron en realidad de la primera oleada (de la pandemia) con cierto control, y se enfrentan ahora a \u201cun periodo intenso en el que tienen que poner en pr\u00e1ctica todas las medidas preventivas necesarias\u201d.<\/p>\n<p>Mientras, la Ciudad de M\u00e9xico regres\u00f3 al sem\u00e1foro rojo para enfrentar al coronavirus como al principio de la invasi\u00f3n del virus. Solo que no se ve una respuesta positiva por parte de la poblaci\u00f3n.<\/p>\n<p>La gente, en el primer d\u00eda de restricciones, opt\u00f3 por abarrotar las calles, tiendas y unidades de transporte p\u00fablico. La mayor\u00eda rechaz\u00f3 el quedarse en casa, para ir en busca de mercanc\u00edas para la temporada navide\u00f1a.<\/p>\n<p>Por ejemplo, el s\u00e1bado fue aprovechado por los vendedores ambulantes que nos respetaron ni horarios, ni espacios para vender sus productos. En algunos sitios de la capital dio la impresi\u00f3n que no existe ninguna pandemia.<\/p>\n<p>El gobierno y las autoridades sanitarias deben buscar medidas que ayuden a evitar el repunte de contagios que tiene a los hospitales Covid-19 en un sinn\u00famero de dificultades.<\/p>\n<p>Cada vez se reduce la capacidad de los nosocomios para atender a los contagiados en condiciones graves; adem\u00e1s el personal de salud se encuentra cansado. Su trabajo es exhaustivo.<\/p>\n<p>La poblaci\u00f3n asumi\u00f3 una actitud de indolencia y de hartazgo por el aislamiento que la llev\u00f3 a bajar la guardia. Adem\u00e1s, la idea de que ya viene la vacuna que matar\u00e1 al virus, llev\u00f3 a pensar que el coronavirus estaba controlado y se olvidaron de cuidarse.<\/p>\n<p>Por tratarse de temporada navide\u00f1a se multiplicaron las fiestas con los resultados negativos de mas contagios. En el centro de la capital las actividades comerciales se intensificaron a pesar de las supuestas restricciones.<\/p>\n<p>Los capitalinos recibieron el sem\u00e1foro rojo como un llamado m\u00e1s en la lucha contra la Covid-19. Urge, pues, que las autoridades busquen nuevas medidas que sin coartar las libertades ayuden a controlar la pandemia.<\/p>\n<p>La Secretar\u00eda de Salud (SSa) inform\u00f3 que el s\u00e1bado 19 de diciembre que en el territorio nacional se registraron 117 mil 876 muertes a causa del coronavirus; y que el n\u00famero de contagios lleg\u00f3 a un mill\u00f3n 313 mil 673. \u00bfUsted qu\u00e9 opina amable lector?<\/p>\n<p style=\"text-align: center;\"><strong>No esperar milagros<\/strong><\/p>\n<p>El Presidente de M\u00e9xico, Andr\u00e9s Manuel L\u00f3pez Obrador, sostuvo una conversaci\u00f3n telef\u00f3nica, con el mandatario electo de Estados Unidos (EU) Joe Biden. Los dos se comprometieron a trabajar por el bienestar de ambas naciones.<\/p>\n<p>Las promesas no da\u00f1an a nadie. Es propio de los pol\u00edticos, de todo el mundo, ofrecer ilusiones, planes que no se cumplir\u00e1n durante su mandato.\u00a0 Son complejas las relaciones de M\u00e9xico con Estados Unidos. El primero es un pa\u00eds d\u00e9bil que siempre acata las \u00f3rdenes del segundo. M\u00e1s nos conviene.<\/p>\n<p>Con lo anterior, se supone que la pol\u00edtica del gobierno de Joe Biden hacia M\u00e9xico variar\u00e1 muy poco. Quiz\u00e1 se descanse un poco del tema de la construcci\u00f3n del muro fronterizo que anhelaba concluir el anaranjado Donald Trump.<\/p>\n<p>Sin embargo, ah\u00ed est\u00e1 sin soluci\u00f3n definitiva el problema migratorio que Mexico, bajo amenazas de Trump, logr\u00f3 contener en su frontera sur, pero que sigue latente, con la posibilidad de que se agudice. \u00bfUsted qu\u00e9 opina amable lector?<\/p>\n<p><a href=\"mailto:aco2742@hotmail.com\" target=\"_blank\" rel=\"noopener noreferrer\"><em>aco2742@hotmail.com<\/em><\/a><\/p>\n","protected":false},"excerpt":{"rendered":"<p><span style=\"color: #005497;\"><strong>Augusto Corro<\/strong><\/span><\/p>\n","protected":false},"author":3,"featured_media":0,"comment_status":"open","ping_status":"open","sticky":false,"template":"","format":"standard","meta":{"_monsterinsights_skip_tracking":false,"_monsterinsights_sitenote_active":false,"_monsterinsights_sitenote_note":"","_monsterinsights_sitenote_category":0,"footnotes":""},"categories":[157],"tags":[43686,43674,11515],"class_list":["post-491395","post","type-post","status-publish","format-standard","hentry","category-augusto-corro","tag-augusto-corro","tag-opinion","tag-punto-por-punto"],"_links":{"self":[{"href":"https:\/\/www.diarioimagen.net\/index.php?rest_route=\/wp\/v2\/posts\/491395","targetHints":{"allow":["GET"]}}],"collection":[{"href":"https:\/\/www.diarioimagen.net\/index.php?rest_route=\/wp\/v2\/posts"}],"about":[{"href":"https:\/\/www.diarioimagen.net\/index.php?rest_route=\/wp\/v2\/types\/post"}],"author":[{"embeddable":true,"href":"https:\/\/www.diarioimagen.net\/index.php?rest_route=\/wp\/v2\/users\/3"}],"replies":[{"embeddable":true,"href":"https:\/\/www.diarioimagen.net\/index.php?rest_route=%2Fwp%2Fv2%2Fcomments&post=491395"}],"version-history":[{"count":0,"href":"https:\/\/www.diarioimagen.net\/index.php?rest_route=\/wp\/v2\/posts\/491395\/revisions"}],"wp:attachment":[{"href":"https:\/\/www.diarioimagen.net\/index.php?rest_route=%2Fwp%2Fv2%2Fmedia&parent=491395"}],"wp:term":[{"taxonomy":"category","embeddable":true,"href":"https:\/\/www.diarioimagen.net\/index.php?rest_route=%2Fwp%2Fv2%2Fcategories&post=491395"},{"taxonomy":"post_tag","embeddable":true,"href":"https:\/\/www.diarioimagen.net\/index.php?rest_route=%2Fwp%2Fv2%2Ftags&post=491395"}],"curies":[{"name":"wp","href":"https:\/\/api.w.org\/{rel}","templated":true}]}}