{"id":491472,"date":"2020-12-31T00:06:18","date_gmt":"2020-12-31T06:06:18","guid":{"rendered":"https:\/\/www.diarioimagen.net\/?p=491472"},"modified":"2021-01-03T20:16:28","modified_gmt":"2021-01-04T02:16:28","slug":"uaem-reestructuro-y-estabilizo-su-condicion-financiera-alfredo-barrera","status":"publish","type":"post","link":"https:\/\/www.diarioimagen.net\/?p=491472","title":{"rendered":"UAEM reestructur\u00f3 y estabiliz\u00f3 su condici\u00f3n financiera: Alfredo Barrera\u00a0"},"content":{"rendered":"<p><strong>\u00a0<\/strong><\/p>\n<ul>\n<li><strong><em>\u201cLa participaci\u00f3n de toda la comunidad universitaria permiti\u00f3 ordenar nuestra situaci\u00f3n econ\u00f3mica y alejarnos de la crisis financiera, que amenaz\u00f3 a varias instituciones p\u00fablicas de educaci\u00f3n superior del pa\u00eds\u201d, sostuvo el rector de la m\u00e1xima casa de estudios mexiquense<\/em><\/strong><\/li>\n<\/ul>\n<p>&nbsp;<\/p>\n<div id=\"attachment_491514\" style=\"width: 470px\" class=\"wp-caption aligncenter\"><a href=\"https:\/\/www.diarioimagen.net\/?attachment_id=491514\" rel=\"attachment wp-att-491514\"><img loading=\"lazy\" decoding=\"async\" aria-describedby=\"caption-attachment-491514\" class=\"size-full wp-image-491514\" src=\"https:\/\/www.diarioimagen.net\/wp-content\/uploads\/2020\/12\/UaemRector-2.jpg\" alt=\"\" width=\"460\" height=\"270\" \/><\/a><p id=\"caption-attachment-491514\" class=\"wp-caption-text\">El rector de la UAEM, Alfredo Barrera Baca, precis\u00f3 que la suspensi\u00f3n parcial de actividades a consecuencia de la pandemia, los condujo a generar ahorros.<\/p><\/div>\n<p>&nbsp;<\/p>\n<p><strong>Toluca, Estado de M\u00e9xico<\/strong>.\u2013 Con base en un s\u00f3lido programa de austeridad y ahorro, la Universidad Aut\u00f3noma del Estado de M\u00e9xico logr\u00f3 reestructurar y estabilizar su condici\u00f3n financiera, como lo reconoce la Secretar\u00eda de Educaci\u00f3n P\u00fablica (SEP), destac\u00f3 el rector de esta casa de estudios, Alfredo Barrera Baca.<\/p>\n<p>Afirm\u00f3 que el proceso de reconfiguraci\u00f3n fue arduo, \u201cpero la participaci\u00f3n de toda la comunidad universitaria permiti\u00f3 ordenar nuestra situaci\u00f3n econ\u00f3mica y alejarnos de la crisis financiera, que amenaz\u00f3 a varias instituciones p\u00fablicas de educaci\u00f3n superior del pa\u00eds\u201d.<\/p>\n<p>Los universitarios, dijo, pusimos nuestros conocimientos al servicio de la instituci\u00f3n y ello nos permiti\u00f3 contar con finanzas sanas. \u201cRealizamos cambios e implementamos las medidas preventivas y correctivas que consideramos necesarias para cubrir sin problemas el monto de la n\u00f3mina, prestaciones, aguinaldos, necesidades de infraestructura y obligaciones fiscales\u201d.<\/p>\n<p>Abund\u00f3 que si bien es cierto que en esta ocasi\u00f3n no fue necesario apoyo externo para cumplir con obligaciones como el pago del aguinaldo de los acad\u00e9micos y trabajadores universitarios, no significa que la Aut\u00f3noma mexiquense no requiera m\u00e1s presupuesto para invertir, por ejemplo, en infraestructura.<\/p>\n<p>La suspensi\u00f3n parcial de actividades a consecuencia de la pandemia, precis\u00f3 Alfredo Barrera Baca, nos condujo a generar ahorros que fueron canalizados, por ejemplo, para apoyar a estudiantes con becas de conectividad y una ruta m\u00e1s del Potrob\u00fas.<\/p>\n<p>Sin embargo, sostuvo, todav\u00eda existen grandes necesidades institucionales. \u201cPor ahora atendimos prioridades, pero en el mediano plazo requeriremos de ocuparnos de otros aspectos, principalmente si se considera que, a pesar de la situaci\u00f3n, ampliaremos nuestra cobertura educativa con la apertura del campus Tlalnepantla\u201d.<\/p>\n","protected":false},"excerpt":{"rendered":"<p>Con base en un s\u00f3lido programa de austeridad y ahorro, la Universidad Aut\u00f3noma del Estado de M\u00e9xico logr\u00f3 reestructurar y estabilizar su condici\u00f3n financiera, como lo reconoce la Secretar\u00eda de Educaci\u00f3n P\u00fablica (SEP), destac\u00f3 el rector de esta casa de estudios, Alfredo Barrera Baca.\u00a0<\/p>\n","protected":false},"author":3,"featured_media":491514,"comment_status":"open","ping_status":"open","sticky":false,"template":"","format":"standard","meta":{"_monsterinsights_skip_tracking":false,"_monsterinsights_sitenote_active":false,"_monsterinsights_sitenote_note":"","_monsterinsights_sitenote_category":0,"footnotes":""},"categories":[5],"tags":[58572,43675,1058,459,452],"class_list":["post-491472","post","type-post","status-publish","format-standard","has-post-thumbnail","hentry","category-estado-de-mexico","tag-alfredo-barrera-baca","tag-estado-de-mexico","tag-secretaria-de-educacion-publica","tag-sep","tag-toluca"],"_links":{"self":[{"href":"https:\/\/www.diarioimagen.net\/index.php?rest_route=\/wp\/v2\/posts\/491472","targetHints":{"allow":["GET"]}}],"collection":[{"href":"https:\/\/www.diarioimagen.net\/index.php?rest_route=\/wp\/v2\/posts"}],"about":[{"href":"https:\/\/www.diarioimagen.net\/index.php?rest_route=\/wp\/v2\/types\/post"}],"author":[{"embeddable":true,"href":"https:\/\/www.diarioimagen.net\/index.php?rest_route=\/wp\/v2\/users\/3"}],"replies":[{"embeddable":true,"href":"https:\/\/www.diarioimagen.net\/index.php?rest_route=%2Fwp%2Fv2%2Fcomments&post=491472"}],"version-history":[{"count":0,"href":"https:\/\/www.diarioimagen.net\/index.php?rest_route=\/wp\/v2\/posts\/491472\/revisions"}],"wp:featuredmedia":[{"embeddable":true,"href":"https:\/\/www.diarioimagen.net\/index.php?rest_route=\/wp\/v2\/media\/491514"}],"wp:attachment":[{"href":"https:\/\/www.diarioimagen.net\/index.php?rest_route=%2Fwp%2Fv2%2Fmedia&parent=491472"}],"wp:term":[{"taxonomy":"category","embeddable":true,"href":"https:\/\/www.diarioimagen.net\/index.php?rest_route=%2Fwp%2Fv2%2Fcategories&post=491472"},{"taxonomy":"post_tag","embeddable":true,"href":"https:\/\/www.diarioimagen.net\/index.php?rest_route=%2Fwp%2Fv2%2Ftags&post=491472"}],"curies":[{"name":"wp","href":"https:\/\/api.w.org\/{rel}","templated":true}]}}