{"id":491478,"date":"2020-12-31T00:13:54","date_gmt":"2020-12-31T06:13:54","guid":{"rendered":"https:\/\/www.diarioimagen.net\/?p=491478"},"modified":"2020-12-31T21:42:50","modified_gmt":"2021-01-01T03:42:50","slug":"por-no-vacunarse-contra-influenza-el-30-de-la-poblacion-en-q-roo-puede-contraer-esta-enfermedad","status":"publish","type":"post","link":"https:\/\/www.diarioimagen.net\/?p=491478","title":{"rendered":"Por no vacunarse contra influenza, el 30% de la poblaci\u00f3n en Q. Roo puede contraer esta enfermedad"},"content":{"rendered":"<h2>Derecho de r\u00e9plica<\/h2>\n<h5>Jos\u00e9 Luis Monta\u00f1ez<\/h5>\n<p>&nbsp;<\/p>\n<ul>\n<li><strong><em>Se han aplicado m\u00e1s de 300 mil dosis, pero hay indiferencia de la gente<\/em><\/strong><\/li>\n<\/ul>\n<p>&nbsp;<\/p>\n<div id=\"attachment_491517\" style=\"width: 470px\" class=\"wp-caption aligncenter\"><a href=\"https:\/\/www.diarioimagen.net\/?attachment_id=491517\" rel=\"attachment wp-att-491517\"><img loading=\"lazy\" decoding=\"async\" aria-describedby=\"caption-attachment-491517\" class=\"size-full wp-image-491517\" src=\"https:\/\/www.diarioimagen.net\/wp-content\/uploads\/2020\/12\/derecho-9.jpg\" alt=\"\" width=\"460\" height=\"270\" \/><\/a><p id=\"caption-attachment-491517\" class=\"wp-caption-text\">La campa\u00f1a de vacunaci\u00f3n contra la influenza en Quintana Roo culminar\u00e1 este 31 de diciembre, por lo se recomienda a la poblaci\u00f3n aplic\u00e1rsela.<\/p><\/div>\n<p>&nbsp;<\/p>\n<p>De acuerdo con datos de la Secretar\u00eda de Salud estatal (Sesa), a la fecha el sector salud ha aplicado poco m\u00e1s de 312 mil dosis de un total de 436 mil 928 despabiles, es decir, que llevan m\u00e1s del 70% por ciento de avance y esperan llegar a la meta en estos \u00faltimos d\u00edas de la campa\u00f1a.<\/p>\n<p>La meta inicial de la Secretar\u00eda de Salud era aplicar la vacuna para ni\u00f1as y ni\u00f1os de seis meses hasta cinco a\u00f1os, que significa 21 mil 245 dosis, as\u00ed como a adultos mayores, que representan una poblaci\u00f3n de 34 mil 691 dosis. B\u00e1sicamente estos son la prioridad, por ser grupos poblacionales de riesgo.<\/p>\n<p>Al encontrarse lejos de la meta de 100 por ciento, no descartan la posibilidad de que la campa\u00f1a de vacunaci\u00f3n contra la influenza se extienda hasta marzo, como ha ocurrido en a\u00f1os anteriores, en este caso por que la gente est\u00e1 temerosa de salir de sus hogares en medio de la contingencia sanitaria por Covid-19, no obstante, Sesa afirma que se cumplen con todos los protocolos a fin de que acudan a vacunarse contra la influenza sin riesgo alguno.<\/p>\n<p>Aguirre Crespo inform\u00f3 que tambi\u00e9n los pacientes con factores de riesgo son grupos prioritarios que deben aplicarse la vacuna, tal como personas con enfermedades pulmonares cr\u00f3nicas, cardiopat\u00edas, VIH, c\u00e1ncer, hemoglobinopat\u00edas, problemas renales cr\u00f3nicos, diabetes mellitus, obesidad, artritis y otros tipos de inmunosupresi\u00f3n.<\/p>\n<p>La Secretar\u00eda de Salud cuenta con 184 puestos fijos y semifijos de vacunaci\u00f3n, 176 centros de salud urbanos y rurales y 10 hospitales, as\u00ed como la participaci\u00f3n de personal y 165 vacunadores. En cuanto a los pacientes convalecientes de Covid-19, tendr\u00e1n que al menos 10 d\u00edas despu\u00e9s de su recuperaci\u00f3n para aplicarse la vacuna.<\/p>\n<p style=\"text-align: center;\"><strong>Sesa reitera recomendaci\u00f3n de vacunarse contra la influenza<\/strong><\/p>\n<p>La jornada de vacunaci\u00f3n contra la influenza en Quintana Roo, culminar\u00e1 este 31 de diciembre, por lo que la Secretar\u00eda de Salud en el estado hace un \u00faltimo llamado a la poblaci\u00f3n para que acudan a aplicarse el biol\u00f3gico, pues se prev\u00e9 que dadas las condiciones clim\u00e1ticas, podr\u00eda haber m\u00e1s casos de la enfermedad.<\/p>\n<p>La titular de la Secretar\u00eda de Salud, Alejandra Aguirre Crespo, inform\u00f3 que el sector salud cuenta a\u00fan con m\u00e1s de 20% por ciento de las dosis que se hab\u00edan destinado a la entidad, por lo que es necesario reiterar la invitaci\u00f3n para que todos aquellos vulnerables a la enfermedad se inmunicen. \u201cDisponemos de vacunas, de tal manera que tenemos la oportunidad de vacunarnos contra influenza, hag\u00e1moslo, no dejemos las cosas para despu\u00e9s o para cuando ya no tenga sentido hacerlo, porque ya estemos enfermos\u201d.<\/p>\n<p>Reiter\u00f3 que la aplicaci\u00f3n de estas vacunas es completamente gratuita en todos los centros de salud de la entidad. \u201cLa campa\u00f1a de vacunaci\u00f3n inici\u00f3 el pasado mes de octubre y concluye este jueves 31 de diciembre, bajo el lema \u201cPor tu bienestar y el de tu familia, \u00a1Vac\u00fanate!\u201d. Ojal\u00e1 no dejen pasar esta oportunidad, porque cuid\u00e1ndonos, cuidamos a los dem\u00e1s\u201d, coment\u00f3.<\/p>\n<p style=\"text-align: center;\"><strong>Prev\u00e9n incremento de enfermedades<br \/>\nrespiratorias por festejos de A\u00f1o Nuevo<\/strong><\/p>\n<p>La tradicional quema del mu\u00f1eco de A\u00f1o Nuevo, podr\u00eda ser un riesgo para la salud de los quintanarroenses, pues las part\u00edculas que se desprenden de este tipo de pirotecnia pueden incrementar los casos de infecciones respiratorias, es por ello que la Secretar\u00eda de Salud exhort\u00f3 que este tipo de actividades no se realicen.<\/p>\n<p>La dependencia federal inform\u00f3 que la contaminaci\u00f3n que resulta de la quema de llantas, pl\u00e1sticos, cohetes y pirotecnia en general \u201cpuede agudizar las enfermedades del sistema respiratorio, hay un riesgo principalmente para la celebraci\u00f3n del A\u00f1o Nuevo, cuando tradicionalmente se quema un mu\u00f1eco de trapo repleto de <em>bombitas<\/em> o <em>cuetes<\/em>, como se les conoce normalmente\u201d, comentan.<\/p>\n<p>Aunado a lo anterior, esta es temporada de bajas temperaturas y al menos en el caso de Chetumal se lleg\u00f3 hasta los 16 grados cent\u00edgrados apenas el 25 de diciembre, mientras que Felipe Carrillo Puerto ha registrado temperaturas de hasta 11 grados.<\/p>\n<p>\u201cHoracio Riojas Rodr\u00edguez, director de Salud Ambiental del Instituto Nacional de Salud P\u00fablica (INSP), alert\u00f3 que las concentraciones de part\u00edculas, sumadas a la presencia de la influenza estacional y el Covid-19, representan un riesgo mayor para personas de grupos sensibles\u201d.<\/p>\n<p>Por su parte,\u00a0 Francisco Javier Lara Uscanga, representante del Colegio Mexicano de Medicina General A.C., en el sur del estado; recomend\u00f3 no exponerse a infecciones respiratorias de ning\u00fan tipo y sobre la pirotecnia explic\u00f3: \u201cLas esporas que viajan en el aire pueden estropear el sistema respiratorio de una persona, a\u00fan m\u00e1s de menores de 6 a\u00f1os y mayores de 60, el humo de los polvorines es un factor de riesgo que lo mejor es evitarlo\u201d.<\/p>\n<p>Tradicionalmente, a la medianoche muchas familias acostumbran a prender fuego a un mu\u00f1eco de trapo lleno de <em>cuetes<\/em>, pero las autoridades de salud han advertido sobre los riesgos que esto representa para la salud.<\/p>\n<p style=\"text-align: center;\"><strong>Se desconoce cu\u00e1ntos puestos de pirotecnia autoriz\u00f3 Sedena en Canc\u00fan<\/strong><\/p>\n<p>Israel Garc\u00eda Lorenzo, director de Comercio en la V\u00eda P\u00fablica del municipio de Benito Ju\u00e1rez, reconoci\u00f3 que hace falta m\u00e1s coordinaci\u00f3n para poder realizar las supervisiones pertinentes y que no vuelva a explotar un puesto de venta de pirotecnia como el ocurrido el domingo pasado en la Regi\u00f3n 259 de Canc\u00fan, es decir, que en esta ciudad, la autoridad municipal no sabe ni cu\u00e1ntos o d\u00f3nde se ubican los puestos de venta de pirotecnia autorizados por la Secretar\u00eda de la Defensa Nacional (Sedena).<\/p>\n<p>\u201cNosotros no tenemos un documento por parte de ellos que nos indique cu\u00e1ntos puestos de venta de pirotecnia est\u00e1n autorizados. Probablemente, por un tema de coordinaci\u00f3n con ellos, deber\u00eda existir alg\u00fan tema as\u00ed\u201d, asever\u00f3.<\/p>\n<p>Afirma que la instancia municipal ha detectado alrededor de 90 puestos de venta de pirotecnia, durante los recorridos que han realizado en diciembre \u201chacemos el recorrido, los detectamos, pedimos documentaci\u00f3n y si no la presentan, tenemos que actuar, pero en el caso de Comercio en la V\u00eda P\u00fablica no podemos hacer un decomiso porque no tenemos d\u00f3nde resguardar ese tipo de materiales, para eso est\u00e1 la Sedena\u201d, sentenci\u00f3.<\/p>\n<p>Asimismo, revela que hasta ahora, los inspectores de la Direcci\u00f3n de Comercio en la V\u00eda P\u00fablica no han detectado ning\u00fan puesto que no tenga los documentos que entrega la dependencia federal para permitir la venta de pirotecnia y que la mayor\u00eda est\u00e1n ubicados en los alrededores de los centros comerciales, donde hay m\u00e1s afluencia de clientes.<\/p>\n<p>Aclaran que en el caso de detectar vendedores que vendan <em>cuetes<\/em> y dem\u00e1s juegos pirot\u00e9cnicos sin alg\u00fan permiso entregado por la Sedena, lo que las instancias municipales pueden hacer es suspender las actividades y llamar a su par federal para que proceda con los cargos pertinentes.<\/p>\n<p>De igual manera, recalc\u00f3 que \u201cal no otorgar los permisos para la venta de pirotecnia, a la autoridad municipal s\u00f3lo le corresponde verificar que se cumplan los reglamentos pertinentes\u201d. En el caso de la Direcci\u00f3n de Comercio en la V\u00eda P\u00fablica, verifica que haya un distanciamiento entre los puestos, \u00e1reas donde pueda transitar la gente, entre otras disposiciones, coment\u00f3 Garc\u00eda Lorenzo.<\/p>\n<p>Por su parte, la Direcci\u00f3n de Protecci\u00f3n Civil municipal, verifica que los puestos de venta tengan material para responder en caso de alg\u00fan percance, como botiqu\u00edn y extintores.<\/p>\n<p style=\"text-align: center;\"><strong>Ocupaci\u00f3n hotelera en Bacalar se desploma<\/strong><\/p>\n<p>Chetumal fue dado a conocer como el epicentro de Covid-19 en Quintana Roo, lo cual provoc\u00f3 un desplome en la ocupaci\u00f3n hotelera de Bacalar en la semana correspondiente a la celebraci\u00f3n de Navidad, es decir, que se han reportado p\u00e9rdidas por m\u00e1s de 400 mil pesos por el reembolso que se tuvo que realizar a los visitantes en un plazo de 24 horas.<\/p>\n<p>El presidente de la asociaci\u00f3n de hoteles en Bacalar, Enrique Bautista, argument\u00f3 que el haber declarado a Chetumal como epicentro de la nueva enfermedad en el estado, destruy\u00f3 el trabajo de promoci\u00f3n tur\u00edstica que hab\u00edan realizado en meses anteriores, ya que se suspendieron las reservaciones para Navidad y el mismo panorama se vislumbra para este a\u00f1o nuevo.<\/p>\n<p>Reconoci\u00f3 que \u201cla situaci\u00f3n es incierta para las pr\u00f3ximas semanas a grado tal que los hoteleros ya comenzaron a evaluar la posibilidad de no poder renovar sus licencias de funcionamiento en los primeros meses del a\u00f1o ante la falta de liquidez. No hubo repunte en las fiestas decembrinas, el rebrote de Covid fren\u00f3 todo nuevamente\u201d, detall\u00f3.<\/p>\n<p>Agreg\u00f3 que hay un descenso en la ocupaci\u00f3n hasta del 40 por ciento y el panorama para esta \u00faltima semana del a\u00f1o es desolador. \u201cEl mensaje en el que se da a conocer que Chetumal es el epicentro de casos de covid-19 vino a devastar y destruir la promoci\u00f3n que se hizo y fue catastr\u00f3fico porque fren\u00f3 los niveles de reservaci\u00f3n que se ten\u00eda programada, las cancelaciones llegaron enseguida\u201d.<\/p>\n<p>El representante de los hoteleros en Bacalar recalc\u00f3 que la pandemia provoc\u00f3 el cierre de cuatro restaurantes y dos hoteles, \u201ca los cuales se sum\u00f3 uno m\u00e1s esta semana con la p\u00e9rdida de otras 24 fuentes de empleo\u201d.<\/p>\n<p>Aunque la zona de Bacalar est\u00e1 en color amarillo, refiere que \u201cla situaci\u00f3n econ\u00f3mica pone en riesgo el pago de prestaciones a trabajadores as\u00ed como la renovaci\u00f3n de licencias en los primeros meses del a\u00f1o ya que no hay garant\u00edas de una pronta recuperaci\u00f3n econ\u00f3mica. La situaci\u00f3n de Chetumal es peor, ya que la ocupaci\u00f3n hotelera fue apenas de entre 40 y 50 por ciento\u201d.<\/p>\n<p>Finalmente, anticipa que \u201cenero se ve catastr\u00f3fico para la actividad tur\u00edstica en la zona sur y ser\u00e1 un mes de sequ\u00eda econ\u00f3mica por los problemas para cubrir salarios y adem\u00e1s el y el pago de impuestos\u201d, concluy\u00f3.<\/p>\n<p><a href=\"mailto:montanezaguilar@gmail.com\" target=\"_blank\" rel=\"noopener noreferrer\"><em>montanezaguilar@gmail.com<\/em><\/a><\/p>\n","protected":false},"excerpt":{"rendered":"<p><span style=\"color: #005497;\"><strong>Jos\u00e9 Luis Monta\u00f1ez<\/strong><\/span><br \/>\n<br \/>\nDe acuerdo con datos de la Secretar\u00eda de Salud estatal (Sesa), a la fecha el sector salud ha aplicado poco m\u00e1s de 312 mil dosis de un total de 436 mil 928 despabiles, es decir, que llevan m\u00e1s del 70% por ciento de avance y esperan llegar a la meta en estos \u00faltimos d\u00edas de la campa\u00f1a.<\/p>\n","protected":false},"author":3,"featured_media":491517,"comment_status":"open","ping_status":"open","sticky":false,"template":"","format":"standard","meta":{"_monsterinsights_skip_tracking":false,"_monsterinsights_sitenote_active":false,"_monsterinsights_sitenote_note":"","_monsterinsights_sitenote_category":0,"footnotes":""},"categories":[11622,25512],"tags":[47840,54579,43674],"class_list":["post-491478","post","type-post","status-publish","format-standard","has-post-thumbnail","hentry","category-jose-luis-montanez-aguilar","category-nacional-nacional","tag-derecho-de-replica","tag-jose-luis-montanez","tag-opinion"],"_links":{"self":[{"href":"https:\/\/www.diarioimagen.net\/index.php?rest_route=\/wp\/v2\/posts\/491478","targetHints":{"allow":["GET"]}}],"collection":[{"href":"https:\/\/www.diarioimagen.net\/index.php?rest_route=\/wp\/v2\/posts"}],"about":[{"href":"https:\/\/www.diarioimagen.net\/index.php?rest_route=\/wp\/v2\/types\/post"}],"author":[{"embeddable":true,"href":"https:\/\/www.diarioimagen.net\/index.php?rest_route=\/wp\/v2\/users\/3"}],"replies":[{"embeddable":true,"href":"https:\/\/www.diarioimagen.net\/index.php?rest_route=%2Fwp%2Fv2%2Fcomments&post=491478"}],"version-history":[{"count":0,"href":"https:\/\/www.diarioimagen.net\/index.php?rest_route=\/wp\/v2\/posts\/491478\/revisions"}],"wp:featuredmedia":[{"embeddable":true,"href":"https:\/\/www.diarioimagen.net\/index.php?rest_route=\/wp\/v2\/media\/491517"}],"wp:attachment":[{"href":"https:\/\/www.diarioimagen.net\/index.php?rest_route=%2Fwp%2Fv2%2Fmedia&parent=491478"}],"wp:term":[{"taxonomy":"category","embeddable":true,"href":"https:\/\/www.diarioimagen.net\/index.php?rest_route=%2Fwp%2Fv2%2Fcategories&post=491478"},{"taxonomy":"post_tag","embeddable":true,"href":"https:\/\/www.diarioimagen.net\/index.php?rest_route=%2Fwp%2Fv2%2Ftags&post=491478"}],"curies":[{"name":"wp","href":"https:\/\/api.w.org\/{rel}","templated":true}]}}