{"id":491612,"date":"2021-01-04T00:02:19","date_gmt":"2021-01-04T06:02:19","guid":{"rendered":"https:\/\/www.diarioimagen.net\/?p=491612"},"modified":"2021-01-03T19:57:06","modified_gmt":"2021-01-04T01:57:06","slug":"homenaje-postumo-a-la-regidora-silvia-tellez-gonzalez-en-tlalnepantla","status":"publish","type":"post","link":"https:\/\/www.diarioimagen.net\/?p=491612","title":{"rendered":"Homenaje p\u00f3stumo a la regidora Silvia T\u00e9llez\u00a0Gonz\u00e1lez, en Tlalnepantla"},"content":{"rendered":"<p>&nbsp;<\/p>\n<p><b><img loading=\"lazy\" decoding=\"async\" class=\"aligncenter size-full wp-image-491613\" src=\"https:\/\/www.diarioimagen.net\/wp-content\/uploads\/2021\/01\/CAMACHO4-bPOR.jpg\" alt=\"\" width=\"460\" height=\"270\" \/><\/b><\/p>\n<p>&nbsp;<\/p>\n<p><strong>Tlalnepantla, -Estado de M\u00e9xico<\/strong><b>.- <\/b>El cuerpo edilicio rindi\u00f3 homenaje p\u00f3stumo a la D\u00e9cima Sexta Regidora, Silvia T\u00e9llez Gonz\u00e1lez, quien falleci\u00f3 el pasado 23 de diciembre.<\/p>\n<p>El presidente municipal Raciel P\u00e9rez Cruz encabez\u00f3 la ceremonia acompa\u00f1ado del Secretario del Ayuntamiento, Miguel \u00c1ngel Bravo Suberville, e integrantes del cabildo.<\/p>\n<p>Fue una mujer comprometida con las causas sociales que deja un legado importante con sus acciones en favor de la ciudadan\u00eda de Tlalnepantla oriente.<\/p>\n","protected":false},"excerpt":{"rendered":"<p>El cuerpo edilicio rindi\u00f3 homenaje p\u00f3stumo a la D\u00e9cima Sexta Regidora, Silvia T\u00e9llez Gonz\u00e1lez, quien falleci\u00f3 el pasado 23 de diciembre.<\/p>\n","protected":false},"author":1,"featured_media":491613,"comment_status":"open","ping_status":"open","sticky":false,"template":"","format":"standard","meta":{"_monsterinsights_skip_tracking":false,"_monsterinsights_sitenote_active":false,"_monsterinsights_sitenote_note":"","_monsterinsights_sitenote_category":0,"footnotes":""},"categories":[5],"tags":[43675,169],"class_list":["post-491612","post","type-post","status-publish","format-standard","has-post-thumbnail","hentry","category-estado-de-mexico","tag-estado-de-mexico","tag-tlalnepantla"],"_links":{"self":[{"href":"https:\/\/www.diarioimagen.net\/index.php?rest_route=\/wp\/v2\/posts\/491612","targetHints":{"allow":["GET"]}}],"collection":[{"href":"https:\/\/www.diarioimagen.net\/index.php?rest_route=\/wp\/v2\/posts"}],"about":[{"href":"https:\/\/www.diarioimagen.net\/index.php?rest_route=\/wp\/v2\/types\/post"}],"author":[{"embeddable":true,"href":"https:\/\/www.diarioimagen.net\/index.php?rest_route=\/wp\/v2\/users\/1"}],"replies":[{"embeddable":true,"href":"https:\/\/www.diarioimagen.net\/index.php?rest_route=%2Fwp%2Fv2%2Fcomments&post=491612"}],"version-history":[{"count":0,"href":"https:\/\/www.diarioimagen.net\/index.php?rest_route=\/wp\/v2\/posts\/491612\/revisions"}],"wp:featuredmedia":[{"embeddable":true,"href":"https:\/\/www.diarioimagen.net\/index.php?rest_route=\/wp\/v2\/media\/491613"}],"wp:attachment":[{"href":"https:\/\/www.diarioimagen.net\/index.php?rest_route=%2Fwp%2Fv2%2Fmedia&parent=491612"}],"wp:term":[{"taxonomy":"category","embeddable":true,"href":"https:\/\/www.diarioimagen.net\/index.php?rest_route=%2Fwp%2Fv2%2Fcategories&post=491612"},{"taxonomy":"post_tag","embeddable":true,"href":"https:\/\/www.diarioimagen.net\/index.php?rest_route=%2Fwp%2Fv2%2Ftags&post=491612"}],"curies":[{"name":"wp","href":"https:\/\/api.w.org\/{rel}","templated":true}]}}