{"id":492618,"date":"2021-01-12T00:08:18","date_gmt":"2021-01-12T06:08:18","guid":{"rendered":"https:\/\/www.diarioimagen.net\/?p=492618"},"modified":"2021-01-12T01:01:10","modified_gmt":"2021-01-12T07:01:10","slug":"que-nadie-viaje-solo-beatriz-gutierrez","status":"publish","type":"post","link":"https:\/\/www.diarioimagen.net\/?p=492618","title":{"rendered":"Que nadie viaje, s\u00f3lo Beatriz Guti\u00e9rrez"},"content":{"rendered":"<h2>Detr\u00e1s del Poder<\/h2>\n<h5>Jos\u00e9 Antonio L\u00f3pez Sosa<\/h5>\n<p>&nbsp;<\/p>\n<p>Desde que asumi\u00f3 la Presidencia de la Rep\u00fablica, Andr\u00e9s Manuel L\u00f3pez Obrador ha tenido como consigna recortar y reducir el gasto de gobierno. As\u00ed lo ha manifestado y as\u00ed lo ha demostrado con diferentes decisiones que ha tomado en funci\u00f3n a ello.<\/p>\n<p>Hay opiniones encontradas, algunos consideran positivo que se reduzcan sustancialmente los gastos y otros creen que la exageraci\u00f3n de tal pol\u00edtica no tiene ning\u00fan beneficio para el pa\u00eds. Yo s\u00f3lo puedo decir que un gobierno austero al extremo, no garantiza eficiencia.<\/p>\n<p>El propio Presidente ha rechazado -desde antes de la pandemia- viajar al extranjero, no quiere y no le gusta, tan s\u00f3lo hizo una excepci\u00f3n para visitar al saliente presidente Donald Trump en Washington.<\/p>\n<p>Ahora bien, en contraste con los dichos, est\u00e1n los hechos.<\/p>\n<p>En 2020, la esposa del presidente hizo una gira por Europa -en plena \u00e9poca de pandemia- representando al Presidente (seg\u00fan \u00e9l mismo lo dijo) y con dinero p\u00fablico, que ese es el problema, que haya sido con dinero p\u00fablico en especial porque la se\u00f1ora Guti\u00e9rrez M\u00fcller no tiene un cargo en la administraci\u00f3n p\u00fablica federal.<\/p>\n<p>De acuerdo a informaci\u00f3n otorgada a trav\u00e9s del portal de transparencia del INAI, s\u00ed ese organismo aut\u00f3nomo que el Presidente quiere desaparecer, el gasto ascendi\u00f3 a 231 mil 575 pesos por pago de transportaci\u00f3n a\u00e9rea y 132 mil 978 pesos por concepto de hospedaje. Esa informaci\u00f3n obra en la Direcci\u00f3n General de Finanzas y Presupuesto de la Oficina de la Presidencia.<\/p>\n<p>364 mil 553 pesos por una gira a Europa no es ni de cerca, lo que se gastaba en los sexenios anteriores (donde se tasaban en millones de pesos los gastos), sin embargo, la controversia viene cuando quien viaja es la esposa del Presidente y cuyo principal objetivo del viaje, por lo menos desde la visi\u00f3n period\u00edstica, fue solicitarle al gobierno de Austria que prestara el Penacho de Moctezuma a M\u00e9xico.<\/p>\n<p>Ignoro como el Presidente, frente a su pol\u00edtica de austeridad aprob\u00f3 que su esposa viajara con cargo al erario. Son de esas cosas que no se entienden y que resultan contradictorias.<\/p>\n<p><em><a href=\"http:\/\/www.lopezsosa.com\" target=\"_blank\" rel=\"noopener\">www.lopezsosa.com<\/a><\/em><br \/>\n<em><a href=\"mailto:joseantonio@lopezsosa.com\" target=\"_blank\" rel=\"noopener\">joseantonio@lopezsosa.com<\/a><\/em><br \/>\n<em><a href=\"http:\/\/twitter.com\/joseantonio1977\" target=\"_blank\" rel=\"noopener\">@joseantonio197<\/a><\/em><\/p>\n","protected":false},"excerpt":{"rendered":"<p><span style=\"color: #005497;\"><strong>Jos\u00e9 Antonio L\u00f3pez Sosa<\/strong><\/span><\/p>\n","protected":false},"author":3,"featured_media":0,"comment_status":"open","ping_status":"open","sticky":false,"template":"","format":"standard","meta":{"_monsterinsights_skip_tracking":false,"_monsterinsights_sitenote_active":false,"_monsterinsights_sitenote_note":"","_monsterinsights_sitenote_category":0,"footnotes":""},"categories":[637],"tags":[638,43690,43674],"class_list":["post-492618","post","type-post","status-publish","format-standard","hentry","category-jose-antonio-lopez-sosa","tag-detras-del-poder","tag-jose-antonio-lopez-sosa","tag-opinion"],"_links":{"self":[{"href":"https:\/\/www.diarioimagen.net\/index.php?rest_route=\/wp\/v2\/posts\/492618","targetHints":{"allow":["GET"]}}],"collection":[{"href":"https:\/\/www.diarioimagen.net\/index.php?rest_route=\/wp\/v2\/posts"}],"about":[{"href":"https:\/\/www.diarioimagen.net\/index.php?rest_route=\/wp\/v2\/types\/post"}],"author":[{"embeddable":true,"href":"https:\/\/www.diarioimagen.net\/index.php?rest_route=\/wp\/v2\/users\/3"}],"replies":[{"embeddable":true,"href":"https:\/\/www.diarioimagen.net\/index.php?rest_route=%2Fwp%2Fv2%2Fcomments&post=492618"}],"version-history":[{"count":0,"href":"https:\/\/www.diarioimagen.net\/index.php?rest_route=\/wp\/v2\/posts\/492618\/revisions"}],"wp:attachment":[{"href":"https:\/\/www.diarioimagen.net\/index.php?rest_route=%2Fwp%2Fv2%2Fmedia&parent=492618"}],"wp:term":[{"taxonomy":"category","embeddable":true,"href":"https:\/\/www.diarioimagen.net\/index.php?rest_route=%2Fwp%2Fv2%2Fcategories&post=492618"},{"taxonomy":"post_tag","embeddable":true,"href":"https:\/\/www.diarioimagen.net\/index.php?rest_route=%2Fwp%2Fv2%2Ftags&post=492618"}],"curies":[{"name":"wp","href":"https:\/\/api.w.org\/{rel}","templated":true}]}}