{"id":492943,"date":"2021-01-14T00:03:24","date_gmt":"2021-01-14T06:03:24","guid":{"rendered":"https:\/\/www.diarioimagen.net\/?p=492943"},"modified":"2021-01-14T00:11:34","modified_gmt":"2021-01-14T06:11:34","slug":"transporte-publico-un-reto","status":"publish","type":"post","link":"https:\/\/www.diarioimagen.net\/?p=492943","title":{"rendered":"Transporte p\u00fablico, un reto"},"content":{"rendered":"<h2>Espacio Electoral<\/h2>\n<h5>Eleazar Flores<\/h5>\n<p><strong>\u00a0<\/strong><\/p>\n<p><strong>\u00bfQU\u00c9 HACER?-.<\/strong> Entre tres y cuatro horas pasa un profesor del Valle de Toluca asignado a una escuela del Valle de M\u00e9xico para trabajar como docente. Pero este tiempo de traslado lo sufren miles de trabajadores del norte del Edomex\u00a0 que viajan hacia el sur o viceversa, a laborar.<\/p>\n<p>Lo peor de todo esta situaci\u00f3n que se vive o sufre a diario, dif\u00edcilmente podr\u00eda decirse que se goza. Un normalista reci\u00e9n integrado al servicio docente fue solamente testigo y por fortuna no v\u00edctima, del en\u00e9simo asalto a bordo de un transporte urbano que sin duda lo marc\u00f3.<\/p>\n<p><strong>CIFRAS DIF\u00cdCILES-.<\/strong> Entre la Ciudad de M\u00e9xico, norte, noreste y oriente del Estado de M\u00e9xico se mueven no menos de 50 mil unidades de transporte p\u00fablico, desde \u201ccombis\u201d hasta unidades m\u00e1s grandes entre quince y veinte plazas. Estas unidades literalmente cruzan la capital del pa\u00eds de norte a sur, de sur a norte, de oriente a poniente y viceversa.<\/p>\n<p>Son millones de chilangos y mexiquenses que a diario emplean estos transportes colectivos para llegar a su trabajo o retornar a sus casas, cubriendo los horarios de las cinco de la ma\u00f1ana a las once de la noche, m\u00ednimo. Poco se toca el transporte nocturno para los terceros turnos en zonas fabriles, tanto de la Ciudad de M\u00e9xico como del Estado de M\u00e9xico.<\/p>\n<p>Dado que ambas entidades nunca paran aunque s\u00ed disminuyen el ritmo del trabajo nocturno, el transporte p\u00fablico de estas horas es menor.<\/p>\n<p><strong>DENUNCIAS MEDI\u00c1TICAS-.<\/strong> Todos los medios de comunicaci\u00f3n, pero con mayor impacto la televisi\u00f3n y la radio, denuncian a diario y muchas veces al d\u00eda asaltos en todos los rumbos de la zona metropolitana, agregando el infaltable comentario de lo poco que hacen las autoridades para disminuir los \u00edndices delincuenciales en los asaltos al transporte p\u00fablico.<\/p>\n<p>Literalmente, son millones de hombres y mujeres quienes trabajan y pierden \u201choras hombre\u201d lo que pasa a segundo t\u00e9rmino, ahora lo que claman es no sufrir asaltos.<\/p>\n<p><strong>DOCENTE-.<\/strong> Un reci\u00e9n egresado normalista del valle de Toluca fue asignado a una escuela del Valle de M\u00e9xico y cuando viaje pierde entre tres y cuatro horas para llegar a su plantel y regresar a su casa, lo que ya asimila pues eso de la \u201ceducaci\u00f3n a distancia\u201d le ayud\u00f3 a disminuir viajes, pero hay d\u00edas que debe asistir, lo que no le preocupa demasiado.<\/p>\n<p>Pero resulta que fue testigo de un asalto a transporte p\u00fablico, consol\u00e1ndole el hecho de\u00a0 no haber sido v\u00edctima, pero presenci\u00f3 todo muy de cerca, lo que lo marc\u00f3 no obstante su juventud, esperando que se recupere.<\/p>\n<p>Esta inseguridad compete combatirla conjuntamente CDMX y Edomex, en lugar de culparse entre s\u00ed.<\/p>\n<p><em><a href=\"mailto:elefa44@gmail.com\" target=\"_blank\" rel=\"noopener noreferrer\">elefa44@gmail.com<\/a><\/em><\/p>\n","protected":false},"excerpt":{"rendered":"<p><span style=\"color: #005497;\"><strong>Eleazar Flores<\/strong><\/span><\/p>\n","protected":false},"author":3,"featured_media":0,"comment_status":"open","ping_status":"open","sticky":false,"template":"","format":"standard","meta":{"_monsterinsights_skip_tracking":false,"_monsterinsights_sitenote_active":false,"_monsterinsights_sitenote_note":"","_monsterinsights_sitenote_category":0,"footnotes":""},"categories":[81743],"tags":[81744,81776,43674],"class_list":["post-492943","post","type-post","status-publish","format-standard","hentry","category-eleazar-flores","tag-eleazar-flores","tag-espacio-electoral","tag-opinion"],"_links":{"self":[{"href":"https:\/\/www.diarioimagen.net\/index.php?rest_route=\/wp\/v2\/posts\/492943","targetHints":{"allow":["GET"]}}],"collection":[{"href":"https:\/\/www.diarioimagen.net\/index.php?rest_route=\/wp\/v2\/posts"}],"about":[{"href":"https:\/\/www.diarioimagen.net\/index.php?rest_route=\/wp\/v2\/types\/post"}],"author":[{"embeddable":true,"href":"https:\/\/www.diarioimagen.net\/index.php?rest_route=\/wp\/v2\/users\/3"}],"replies":[{"embeddable":true,"href":"https:\/\/www.diarioimagen.net\/index.php?rest_route=%2Fwp%2Fv2%2Fcomments&post=492943"}],"version-history":[{"count":0,"href":"https:\/\/www.diarioimagen.net\/index.php?rest_route=\/wp\/v2\/posts\/492943\/revisions"}],"wp:attachment":[{"href":"https:\/\/www.diarioimagen.net\/index.php?rest_route=%2Fwp%2Fv2%2Fmedia&parent=492943"}],"wp:term":[{"taxonomy":"category","embeddable":true,"href":"https:\/\/www.diarioimagen.net\/index.php?rest_route=%2Fwp%2Fv2%2Fcategories&post=492943"},{"taxonomy":"post_tag","embeddable":true,"href":"https:\/\/www.diarioimagen.net\/index.php?rest_route=%2Fwp%2Fv2%2Ftags&post=492943"}],"curies":[{"name":"wp","href":"https:\/\/api.w.org\/{rel}","templated":true}]}}