{"id":493261,"date":"2021-01-18T00:04:30","date_gmt":"2021-01-18T06:04:30","guid":{"rendered":"https:\/\/www.diarioimagen.net\/?p=493261"},"modified":"2021-01-18T00:44:59","modified_gmt":"2021-01-18T06:44:59","slug":"las-caravanas-de-migrantes","status":"publish","type":"post","link":"https:\/\/www.diarioimagen.net\/?p=493261","title":{"rendered":"Las caravanas de migrantes"},"content":{"rendered":"<h2>Punto por punto<\/h2>\n<h5>Augusto Corro<\/h5>\n<p>&nbsp;<\/p>\n<p>Alrededor de nueve mil migrantes centroamericanos vienen en caravana rumbo a Estados Unidos. Su ruta considera a M\u00e9xico como paso obligado. No ser\u00e1 la primera vez que suceda este problema social, aunque en esta ocasi\u00f3n, son otros los factores importantes que estar\u00e1n presentes en el conflicto migratorio.<\/p>\n<p>\u00bfCu\u00e1l ser\u00e1, en esta ocasi\u00f3n, el papel de M\u00e9xico en este problema? Ser\u00e1 muy importante saberlo ya, porque se ver\u00e1 en que t\u00e9rminos se llevar\u00e1 a cabo las relaciones de nuestro pa\u00eds con el nuevo gobierno estadounidense encabezado por Joe Biden. \u00bfSer\u00e1 un trato respetuoso o continuar\u00e1 M\u00e9xico su papel de sumisi\u00f3n como ocurri\u00f3 con el presidente Donald Trump?<\/p>\n<p>No olvidar que M\u00e9xico, ante las amenazas del anaranjado mandatario, entre otras la relacionada con la aplicaci\u00f3n de aranceles agresivos, utiliz\u00f3 la fuerza p\u00fablica para frenar el paso de los migrantes en su frontera sur, y en la frontera norte se quedaron los indocumentados en espera del documento que les permitiera ingresar a Estados Unidos.<\/p>\n<p>Nuestro pa\u00eds logr\u00f3 llevar un supuesto trato de buenos vecinos con el pa\u00eds del norte, a pesar de la conducta agresiva de Trump que nunca dej\u00f3 de agredir a los mexicanos verbalmente, adem\u00e1s de manejar la construcci\u00f3n del muro fronterizo como monumento al racismo. Solo al final de su mandato elogi\u00f3 la amistad con el presidente Andr\u00e9s Manuel L\u00f3pez Obrador, con palabras imbuidas de falsedad.<\/p>\n<p>Aunque parece que empiezan a soplar vientos menos deshumanizados en materia migratoria, los migrantes esperan del nuevo mandatario Joe Biden una mayor comprensi\u00f3n a su problema. Estados Unidos, con el magnate de la construcci\u00f3n al frente, perdi\u00f3 su esencia de pa\u00eds forjado con migrantes de todo el mundo. Trump rechazado por propios y extra\u00f1os, con sus millones de seguidores fascistas, les dieron un trato deshumanizado a millones de migrantes.<\/p>\n<p>Los indocumentados, como ocurri\u00f3 en la \u00e9poca hitleriana, fueron separados de sus hijos en acciones policiales que no pod\u00edan ser m\u00e1s dolorosas. A la fecha, son innumerables las familias que buscan a sus hijos separados como una medida disuasiva que los alejara de pensar en el llamado \u201csue\u00f1o americano\u201d.<\/p>\n<p>En los discursos de Joe Biden se reconoce la situaci\u00f3n dif\u00edcil que viven los indocumentados con las promesas de mejorar su condici\u00f3n de migrantes. \u00bfA cu\u00e1ntos indocumentados beneficiar\u00e1n esas nuevas medidas? Vamos a ver en qu\u00e9 condiciones se presentan esas nuevas leyes. Porque debemos tener claro que los gobiernos estadounidenses var\u00edan muy poco en sus pol\u00edticas. Por ejemplo, ya el gobierno dem\u00f3crata Barack Obama demostr\u00f3 su esp\u00edritu antimigratorio y deport\u00f3 a millones de indocumentados.<\/p>\n<p>De ah\u00ed la importancia de conocer el futuro del conflicto migratorio, que no afecta \u00fanicamente a M\u00e9xico, sino tambi\u00e9n a varios pa\u00edses latinoamericanos cuya poblaci\u00f3n es afectada por la pobreza, la violencia, los huracanes y ahora con la pandemia del coronavirus Covid-19. Suficientes razones de los centroamericanos para abandonar sus lugares de origen.<\/p>\n<p>El problema migratorio no es nuevo ni en Latinoam\u00e9rica ni en el mundo. Los pa\u00edses pobres del sur tienen que pagar elevadas cuotas de sangre en la b\u00fasqueda de mejores condiciones de vida. Cada vez es mayo el n\u00famero de v\u00edctimas en las rutas mar\u00edtimas o terrestres de las caravanas de migrantes, como las que cruzan M\u00e9xico para llegar a Estados Unidos. La que est\u00e1 por llegar a M\u00e9xico no es la excepci\u00f3n.<\/p>\n<p>\u00bfCu\u00e1l ser\u00e1 la actitud del gobierno mexicano? \u00bfSe dejar\u00e1 cruzar a los migrantes mientras se estabilizan las relaciones diplom\u00e1ticas entre M\u00e9xico y Estados Unidos? Mientras se corren m\u00e1s riesgos sobre el contagio del coronavirus. En la multicitada caravana se ve a los centroamericanos actuar con un total desprecio a la vida. Caminan sin la sana distancia, algunos si usan el cubre bocas, pero no todos. Vienen a pa\u00edses donde el invierno es m\u00e1s crudo que en el sur.<\/p>\n<p>Afortunadamente Trump ya se va, pasado ma\u00f1ana ya no ser\u00e1 presidente. Con el s\u00f3lo hecho de saber que hay otro mandatario en la Casa Blanca, podemos entender que habr\u00e1 cambios importantes, ojal\u00e1 sean para bien. \u00bfUsted qu\u00e9 opina amable lector?<\/p>\n<p style=\"text-align: center;\"><strong>De \u00faltima hora<\/strong><\/p>\n<p>La fuerza p\u00fablica guatemalteca detuvo violentamente el domingo a una caravana migrante compuesta por miles de hondure\u00f1os que pretenden llegar a M\u00e9xico y luego a Estados Unidos, en busca del sue\u00f1o americano.<\/p>\n<p>Los migrantes fueron atacados a palos y con bombas lacrim\u00f3genas por miembros del Ej\u00e9rcito de Guatemala en una carretera al oeste del pa\u00eds, donde permanec\u00edan varados desde la noche del s\u00e1bado.<\/p>\n<p>Como se\u00f1alamos l\u00edneas arriba, la caravana migrante empez\u00f3 con nueve mil hondure\u00f1os que partieron de San Pedro Sula. En el zafarrancho resultaron varias personas heridas, entre ellas migrantes y personal del Instituto Guatemalteco de Migraci\u00f3n.<\/p>\n<p>El grupo que se encuentra varado est\u00e1 compuesto por alrededor de 6 mil migrantes, en tanto que otros 3 mil hondure\u00f1os que iban en la caravana optaron por regresar a su pa\u00eds.<\/p>\n<p>Las autoridades guatemaltecas le informaron a los integrantes de una parte de la caravana que \u201cno pueden pasar y no van a pasar\u201d.<\/p>\n<p><a href=\"mailto:aco2742@hotmail.com\" target=\"_blank\" rel=\"noopener noreferrer\"><em>aco2742@hotmail.com<\/em><\/a><\/p>\n","protected":false},"excerpt":{"rendered":"<p><span style=\"color: #005497;\"><strong>Augusto Corro<\/strong><\/span><\/p>\n","protected":false},"author":3,"featured_media":0,"comment_status":"open","ping_status":"open","sticky":false,"template":"","format":"standard","meta":{"_monsterinsights_skip_tracking":false,"_monsterinsights_sitenote_active":false,"_monsterinsights_sitenote_note":"","_monsterinsights_sitenote_category":0,"footnotes":""},"categories":[157],"tags":[43686,43674,11515],"class_list":["post-493261","post","type-post","status-publish","format-standard","hentry","category-augusto-corro","tag-augusto-corro","tag-opinion","tag-punto-por-punto"],"_links":{"self":[{"href":"https:\/\/www.diarioimagen.net\/index.php?rest_route=\/wp\/v2\/posts\/493261","targetHints":{"allow":["GET"]}}],"collection":[{"href":"https:\/\/www.diarioimagen.net\/index.php?rest_route=\/wp\/v2\/posts"}],"about":[{"href":"https:\/\/www.diarioimagen.net\/index.php?rest_route=\/wp\/v2\/types\/post"}],"author":[{"embeddable":true,"href":"https:\/\/www.diarioimagen.net\/index.php?rest_route=\/wp\/v2\/users\/3"}],"replies":[{"embeddable":true,"href":"https:\/\/www.diarioimagen.net\/index.php?rest_route=%2Fwp%2Fv2%2Fcomments&post=493261"}],"version-history":[{"count":0,"href":"https:\/\/www.diarioimagen.net\/index.php?rest_route=\/wp\/v2\/posts\/493261\/revisions"}],"wp:attachment":[{"href":"https:\/\/www.diarioimagen.net\/index.php?rest_route=%2Fwp%2Fv2%2Fmedia&parent=493261"}],"wp:term":[{"taxonomy":"category","embeddable":true,"href":"https:\/\/www.diarioimagen.net\/index.php?rest_route=%2Fwp%2Fv2%2Fcategories&post=493261"},{"taxonomy":"post_tag","embeddable":true,"href":"https:\/\/www.diarioimagen.net\/index.php?rest_route=%2Fwp%2Fv2%2Ftags&post=493261"}],"curies":[{"name":"wp","href":"https:\/\/api.w.org\/{rel}","templated":true}]}}