{"id":493296,"date":"2021-01-18T00:12:16","date_gmt":"2021-01-18T06:12:16","guid":{"rendered":"https:\/\/www.diarioimagen.net\/?p=493296"},"modified":"2021-01-19T00:29:40","modified_gmt":"2021-01-19T06:29:40","slug":"ante-su-gobierno-fallido-amlo-se-fuga-hacia-enfrente","status":"publish","type":"post","link":"https:\/\/www.diarioimagen.net\/?p=493296","title":{"rendered":"\u00bfAnte su gobierno fallido, AMLO se fuga hacia enfrente?"},"content":{"rendered":"<h2>Tras la puerta del poder<\/h2>\n<h5>Roberto Vizca\u00edno<\/h5>\n<p><strong>\u00a0<\/strong><\/p>\n<p>A pesar de que \u00e9l tenga \u201cotros datos\u201d, hoy no conozco a nadie que augure el \u00e9xito de la Cuarta Transformaci\u00f3n. No veo tampoco a <strong>Andr\u00e9s Manuel L\u00f3pez Obrador<\/strong> al lado de <strong>Benito Ju\u00e1rez<\/strong>, ni de <strong>L\u00e1zaro C\u00e1rdenas<\/strong> en los futuros libros de historia de M\u00e9xico.<\/p>\n<p>Y por los hechos recientes, sobre todo por sus golpes bajos obvios al gobierno de <strong>Joe Biden<\/strong>, creo que est\u00e1 construyendo lo que podr\u00eda ser el gran pretexto de su ya cada vez inocultable fracaso.<\/p>\n<p>Los m\u00e1s importantes analistas de all\u00e1 y ac\u00e1, advierten que el gobierno del dem\u00f3crata tiene ya demasiados elementos para reclamarle al presidente mexicano violaciones graves al TMEC y a otros acuerdos en lo que corresponde a seguridad, medio ambiente, energ\u00eda, derechos laborales, protecci\u00f3n de inversiones y ni se diga los temas fronterizos.<\/p>\n<p><strong>Biden<\/strong> pinta no s\u00f3lo para ser la peor pesadilla de <strong>AMLO<\/strong>, sino muy posiblemente su sepulturero.<\/p>\n<p>Y <strong>L\u00f3pez Obrador<\/strong> ya lo vio venir. Y no puede hacer nada. Ya cobr\u00f3 conciencia de que todo lo que pensaba ser y hacer fracas\u00f3. De que est\u00e1 viejo, y sin grandes perspectivas de futuro. La reelecci\u00f3n es algo tan absurdo que sin que nadie se lo pidiera, el mismo se descart\u00f3 durante el fin de semana.<\/p>\n<p>En cuanto cumpla, me jubilo y me voy a La Chingada, dijo el fin de semana. O algo as\u00ed. Que es lo mismo.<\/p>\n<p>Ma\u00f1oso, ya le pint\u00f3 su raya a <strong>Biden,<\/strong> y no s\u00f3lo public\u00f3 el expediente del caso del general <strong>Salvador Cienfuegos,<\/strong> sino que modific\u00f3 las reglas de operaci\u00f3n de los agentes extranjeros en territorio mexicano, cuando los \u00fanicos que act\u00faan aqu\u00ed son los de la DEA.<\/p>\n<p>Como si eso vaya a detener a los de esa agencia para actuar como se les d\u00e9 la gana en M\u00e9xico. Sobre todo ahora que el avance tecnol\u00f3gico permite la infiltraci\u00f3n y el hackeo a niveles insospechados. Cuando el uso de sat\u00e9lites y drones es la especialidad de EU.<\/p>\n<p>Eso lo sabe <strong>AMLO<\/strong>. Solo quiere el pretexto para decir que por culpa de <strong>Biden<\/strong>, o de EU, o de intereses del exterior, que es lo mismo, no pudo cumplir sus promesas de cambio de r\u00e9gimen. De ser uno de los mejores presidentes de M\u00e9xico.<\/p>\n<p>Se est\u00e1 fugando para enfrente. Justificando su fracaso.<\/p>\n<p style=\"text-align: center;\"><strong>\u201cHace agua\u201d por todos lados\u00a0<\/strong><\/p>\n<p>Entre conflictos internos, deficiencias inocultables de su equipo, renuncias en su <em>staff<\/em> por desacuerdos con \u00e9l, falta de recursos, precariedad <em>calcutiana<\/em>, obstinaci\u00f3n en seguir con sus proyectos sin sentido, y sumido en las consecuencias de su testarudez -por decirlo suave-, <strong>Andr\u00e9s Manuel L\u00f3pez Obrador<\/strong> se hunde r\u00e1pidamente.<\/p>\n<p>Ya no hay gira en la que no se le repudie. Que los reclamos de sus antiguos simpatizantes no rayen cada vez m\u00e1s cerca de la violencia. A los gritos airados y las pancartas ahora ya surgen los golpes y las patadas a su camioneta en la que ahora viaja con la ventanilla arriba. Ya no hay ni sonrisas ni agradecimientos. Todo lo contrario.<\/p>\n<p>Todo lo expuesto aqu\u00ed y m\u00e1s lo ha registrado la gran prensa nacional e internacional.<\/p>\n<p>Este fin de semana, <em>Reforma<\/em> report\u00f3 que ya <em>Asoma tormenta entre <strong>AMLO <\/strong>y<strong> Biden<\/strong><\/em> y en una nota bajo las firmas de <strong>Jos\u00e9 D\u00edaz Brise\u00f1o, Alejandro Albarr\u00e1n <\/strong>y<strong> Gael Montiel <\/strong>y fechada<strong> en <\/strong>Washington adelantan que:<\/p>\n<p>\u201cAl Presidente <strong>Andr\u00e9s Manuel L\u00f3pez Obrador<\/strong> se le vienen cielos borrascosos con la futura administraci\u00f3n estadounidense de <strong>Joe Biden<\/strong>, que arranca el pr\u00f3ximo mi\u00e9rcoles. <strong>AMLO<\/strong> est\u00e1 coloc\u00e1ndose en un sitio donde enfrentar\u00e1 problemas con <strong>Biden<\/strong> pr\u00e1cticamente en todas las \u00e1reas importantes. En algunas ocasiones por razones que son dif\u00edciles de entender\u00bb, dijo <strong>Greg Weeks<\/strong>, profesor de ciencia pol\u00edtica en la Universidad de Carolina del Norte en Charlotte.<\/p>\n<p>Otra informaci\u00f3n indica que \u201cpara <strong>Jude Webber<\/strong>, corresponsal del diario <em>Financial Times<\/em> en M\u00e9xico, el presidente <strong>Andr\u00e9s Manuel L\u00f3pez Obrador<\/strong> es un mandatario populista que no ha logrado salir avante de las crisis social, econ\u00f3mica y sanitaria que ha dejado a su paso la pandemia de Covid-19, adem\u00e1s de que no ha logrado cumplir con su objetivo m\u00e1s relevante, que es acabar con la corrupci\u00f3n.<\/p>\n<p>\u201cDurante una charla que la periodista sostuvo con <strong>Gideon Rachman<\/strong>, columnista en jefe de asuntos exteriores del mismo medio de comunicaci\u00f3n, ambos coincidieron que M\u00e9xico se encuentra sumido en una situaci\u00f3n grave, debido a los miles de contagios de coronavirus, los cuales lo posicionan entre los pa\u00edses m\u00e1s afectados, junto a Estados Unidos, India y Brasil\u201d.<\/p>\n<p>Al parejo el m\u00e1s importante diario de Francia, <em>Le Monde<\/em>, y bajo la firma de <strong>Bruno Jesntet, <\/strong>se afirma que \u201cM\u00e9xico, (va) en camino directo a la ruina\u201d. Obvio, eso bajo la presidencia de <strong>L\u00f3pez Obrador<\/strong>.<\/p>\n<p>Al da Macuspana lo pintan como a un \u201cdemagogo resentido y vengativo\u201d que destruye las instituciones y la infraestructura creadas (en M\u00e9xico) en los \u00faltimos 100 a\u00f1os.<\/p>\n<p>Destaca adem\u00e1s que \u201cvemos un M\u00e9xico cada vez m\u00e1s entregado a las fuerzas armadas que ya dominan los m\u00e1s importantes proyectos del actual gobierno, desde el reparto de libros de texto, la construcci\u00f3n y operaci\u00f3n de sucursales del Banco del Bienestar, el aeropuerto de Santa Luc\u00eda, el Tren Maya, la refiner\u00eda de Dos Bocas hasta el control de Aduanas y Puertos Mar\u00edtimos, y \u00faltimamente el manejo y aplicaci\u00f3n de las vacunas contra la Covid-19. En un enloquecido viaje al pasado L\u00f3pez Obrador le apuesta a proyectos fallidos que van en contracorriente a la realidad: un aeropuerto nuevo cuando los vuelos han ca\u00eddo hasta un 80%; un Tren Maya donde no hay ni habr\u00e1 turistas que lo hagan rentable; una refiner\u00eda de petr\u00f3leo cuando la gasolina va de salida por la llegada de los autos el\u00e9ctricos y para colmo el regreso al uso del carb\u00f3n en la generaci\u00f3n de energ\u00eda el\u00e9ctrica. Cada d\u00eda se gobierna a base de ocurrencias y ante cualquier observaci\u00f3n o cr\u00edtica <strong>L\u00f3pez Obrador<\/strong> se sale de sus casillas y arremete con toda su furia para descalificar y ofender a quien no le rinda elogios y obediencia ciega\u201d.<\/p>\n<p>Y un comentario demoledor hacia el pueblo mexicano:<\/p>\n<p>\u201cAl observador extranjero le cuesta trabajo ver la pasividad y la apat\u00eda de la poblaci\u00f3n mexicana que no reacciona ante la destrucci\u00f3n de sus vidas y la aniquilaci\u00f3n de su futuro. De no surgir algo o alguien que canalice el enorme descontento de gran parte de la poblaci\u00f3n, el futuro de ese pa\u00eds ser\u00e1 de anarqu\u00eda y de muerte.<\/p>\n<p>\u00a1Uy!<\/p>\n<p>Textos similares han aparecido ya en <em>The Wall Street Journal<\/em>, <em>The Guardian<\/em>, <em>Fox News<\/em>, <em>The New York Times<\/em> y otros muchos medios internacionales.<\/p>\n<p style=\"text-align: center;\"><strong>Monreal, otra vez en la pelea\u00a0<\/strong><\/p>\n<p>Frente al ominoso silencio del equipo presidencial, quien ayer sali\u00f3 a dar la pelea de nuevo ante los se\u00f1alamientos contra el mandatario mexicano fue <strong>Ricardo Monreal,<\/strong> presidente de la mayor\u00eda de Morena y presidente de la Junta de Coordinaci\u00f3n Pol\u00edtica del Senado.<\/p>\n<p>\u201cEl Depto. de Justicia de EUA expresa decepci\u00f3n por la difusi\u00f3n del expediente del caso <strong>Cienfuegos<\/strong>. <em>La justicia mexicana debe sentirse indignada por procesos y detenciones arbitrarios y expedientes de paja sin pruebas<\/em>. Ante todo, debido proceso y presunci\u00f3n de inocencia, donde sea\u201d, public\u00f3 en sus redes sociales.<\/p>\n<p>El zacatecano advirti\u00f3 que en el caso del ex secretario de la Defensa simplemente no se encontraron evidencias de que haya cometido delito alguno.<\/p>\n<p>Record\u00f3 que por el contrario, el general <strong>Cienfuegos<\/strong> cuenta con una hoja de servicios limpia contra la cual se estrellan las acusaciones norteamericanas en su contra.<\/p>\n<p>La DEA, con sus ya legendarios \u201ctestigos protegidos\u201d, busca mantener el papel de \u201cGendarme de la Humanidad\u201d ante cualquier pa\u00eds del mundo, denunci\u00f3 <strong>Monreal<\/strong>.<\/p>\n<p>Y agreg\u00f3: Con informaci\u00f3n de dudosa procedencia, al igual que ya es corriente que as\u00ed lo haga, la justicia estadounidense pretendi\u00f3 fincar responsabilidades judiciales al general mexicano e, incluso, lo mantuvo en cautiverio sin el debido proceso legal.<\/p>\n<p style=\"text-align: center;\"><strong>Quiere ser \u201cpluri\u201d<\/strong><\/p>\n<p>Por Morena, se registr\u00f3 <strong>Rodrigo A. Botello Mart\u00edn<\/strong> como aspirante a una diputaci\u00f3n federal \u201cpluri\u201d por la cuarta circunscripci\u00f3n que incluye a su natal Morelos.<\/p>\n<p>Egresado de la Universidad Latinoamericana en la carrera de Derecho, tiene ya una trayectoria de lucha por causas sociales y de defensa de los derechos humanos y de apoyo a migrantes.<\/p>\n<p>Hoy es presidente de una ONG orientada a la asistencia de grupos vulnerables. Escribe temas de historia y pol\u00edtica para <em>La Jornada<\/em> de Morelos y para el diario <em>El Regional.<\/em><\/p>\n<p><em><a href=\"mailto:rvizcainoa@gmail.com\" target=\"_blank\" rel=\"noopener noreferrer\">rvizcainoa@gmail.com<\/a><br \/>\n<u><a href=\"http:\/\/endirecto.mx\" target=\"_blank\" rel=\"noopener noreferrer\">www.endirecto.mx<\/a><br \/>\n<a href=\"https:\/\/twitter.com\/_rvizcaino\" target=\"_blank\" rel=\"noopener noreferrer\">@_RVizcaino<\/a><br \/>\n<a href=\"https:\/\/www.facebook.com\/rvizcainoa\" target=\"_blank\" rel=\"noopener noreferrer\">facebook.com\/rvizcainoa<\/a><\/u><\/em><\/p>\n","protected":false},"excerpt":{"rendered":"<p><span style=\"color: #005497;\"><strong>Roberto Vizca\u00edno<\/strong><\/span><br \/>\n<br \/>\nA pesar de que \u00e9l tenga \u201cotros datos\u201d, hoy no conozco a nadie que augure el \u00e9xito de la Cuarta Transformaci\u00f3n. No veo tampoco a <strong>Andr\u00e9s Manuel L\u00f3pez Obrador<\/strong> al lado de <strong>Benito Ju\u00e1rez<\/strong>, ni de <strong>L\u00e1zaro C\u00e1rdenas<\/strong> en los futuros libros de historia de M\u00e9xico.<\/p>\n","protected":false},"author":3,"featured_media":0,"comment_status":"open","ping_status":"open","sticky":false,"template":"","format":"standard","meta":{"_monsterinsights_skip_tracking":false,"_monsterinsights_sitenote_active":false,"_monsterinsights_sitenote_note":"","_monsterinsights_sitenote_category":0,"footnotes":""},"categories":[136],"tags":[43674,93,94],"class_list":["post-493296","post","type-post","status-publish","format-standard","hentry","category-roberto-vizcaino-opinion","tag-opinion","tag-roberto-vizcaino","tag-tras-la-puerta-del-poder"],"_links":{"self":[{"href":"https:\/\/www.diarioimagen.net\/index.php?rest_route=\/wp\/v2\/posts\/493296","targetHints":{"allow":["GET"]}}],"collection":[{"href":"https:\/\/www.diarioimagen.net\/index.php?rest_route=\/wp\/v2\/posts"}],"about":[{"href":"https:\/\/www.diarioimagen.net\/index.php?rest_route=\/wp\/v2\/types\/post"}],"author":[{"embeddable":true,"href":"https:\/\/www.diarioimagen.net\/index.php?rest_route=\/wp\/v2\/users\/3"}],"replies":[{"embeddable":true,"href":"https:\/\/www.diarioimagen.net\/index.php?rest_route=%2Fwp%2Fv2%2Fcomments&post=493296"}],"version-history":[{"count":0,"href":"https:\/\/www.diarioimagen.net\/index.php?rest_route=\/wp\/v2\/posts\/493296\/revisions"}],"wp:attachment":[{"href":"https:\/\/www.diarioimagen.net\/index.php?rest_route=%2Fwp%2Fv2%2Fmedia&parent=493296"}],"wp:term":[{"taxonomy":"category","embeddable":true,"href":"https:\/\/www.diarioimagen.net\/index.php?rest_route=%2Fwp%2Fv2%2Fcategories&post=493296"},{"taxonomy":"post_tag","embeddable":true,"href":"https:\/\/www.diarioimagen.net\/index.php?rest_route=%2Fwp%2Fv2%2Ftags&post=493296"}],"curies":[{"name":"wp","href":"https:\/\/api.w.org\/{rel}","templated":true}]}}